{"id":30857,"date":"2021-08-12T22:26:49","date_gmt":"2021-08-13T03:26:49","guid":{"rendered":"http:\/\/www.zonaroja.com.mx\/?p=30857"},"modified":"2021-08-12T22:26:52","modified_gmt":"2021-08-13T03:26:52","slug":"ocupacion-hospitalaria-llega-al-73-6-hoy-490-casos-positivos","status":"publish","type":"post","link":"https:\/\/zonaroja.com.mx\/?p=30857","title":{"rendered":"Ocupaci\u00f3n hospitalaria llega al 73.6%; hoy 490 casos positivos"},"content":{"rendered":"\n<p>Redacci\u00f3n\/Zona Roja.<\/p>\n\n\n\n<p>Oaxaca de Ju\u00e1rez, Oax. 12 de agosto de 2021.- La entidad sigue siendo afectada por la tercera ola de contagios por Covid-19 y este jueves se registr\u00f3 un aumento de 4.6% en el n\u00famero de casos activos, al pasar de 2 mil 508 \u2013ayer- a 2 mil 630 personas que cursan la enfermedad viral en etapa activa este d\u00eda y pueden contagiar a m\u00e1s personas.<\/p>\n\n\n\n<p>Este d\u00eda se notificaron 10 fallecimientos por el virus SARS-CoV-2, a lo largo de la evoluci\u00f3n de la pandemia en la entidad son en total cuatro mil 264 personas que han perdido la vida a causa de esta patolog\u00eda, la cifra de casos confirmados asciende a 59 mil 273 \u2013hoy 490-, de los cuales 52 mil 379 se han recuperado.<\/p>\n\n\n\n<p>Este acelerado incremento de contagios ha ocasionado la saturaci\u00f3n de 24 hospitales que est\u00e1n al 100% de su capacidad, de las 470 camas destinadas para atender a pacientes con complicaciones derivadas del Covid-19, solo hay disponibles 124.<\/p>\n\n\n\n<p>Hoy ingresaron 12 nuevos hospitalizados a la red m\u00e9dica y de manera global el sector Salud tiene una ocupaci\u00f3n de 73.6%. La Jurisdicci\u00f3n Sanitaria de Tuxtepec mantiene los focos de alerta al superar el 80% de ocupaci\u00f3n hospitalaria.<\/p>\n\n\n\n<figure class=\"wp-block-embed-twitter wp-block-embed is-type-rich is-provider-twitter\"><div class=\"wp-block-embed__wrapper\">\n<div class=\"twitter-tweet\"><blockquote class=\"twitter-tweet\" data-lang=\"es\"><p lang=\"es\" dir=\"ltr\"><a href=\"https:\/\/twitter.com\/hashtag\/%C3%9AltimoMinuto?src=hash&amp;ref_src=twsrc%5Etfw\">#\u00daltimoMinuto<\/a> <br>Este jueves, los <a href=\"https:\/\/twitter.com\/SSO_GobOax?ref_src=twsrc%5Etfw\">@SSO_GobOax<\/a> reportaron 490 casos positivos a Covid, con lo que suman 59 mil 273 casos confirmados. <br>Adem\u00e1s, 10 decesos, para un total de 4 mil 264 muertes. <br>Hay 24 nosocomios llenos; ocupaci\u00f3n hospitalaria del 73.6%. <a href=\"https:\/\/twitter.com\/hashtag\/Qu%C3%A9dateEnCasa?src=hash&amp;ref_src=twsrc%5Etfw\">#Qu\u00e9dateEnCasa<\/a> <a href=\"https:\/\/t.co\/tdOSEh2Z1h\">pic.twitter.com\/tdOSEh2Z1h<\/a><\/p>&mdash; Zona Roja Oaxaca (@Zona_Roja_Oax) <a href=\"https:\/\/twitter.com\/Zona_Roja_Oax\/status\/1425994188286476292?ref_src=twsrc%5Etfw\">13 de agosto de 2021<\/a><\/blockquote><\/div>\n<\/div><\/figure>\n\n\n\n<p>Por Jurisdicci\u00f3n Sanitaria, Valles Centrales contabiliza 36 mil 752 casos confirmados y mil 992 defunciones, Istmo siete mil 332 confirmados y 894 fallecimientos; Tuxtepec tres mil 962 casos y 374 decesos, Costa cuatro mil 407 casos confirmados y 351 muertes, Mixteca cuatro mil 807 y 423 p\u00e9rdidas fatales, Sierra dos mil 13 y 230 defunciones.<\/p>\n\n\n\n<p>Los 490 casos nuevos se ven reflejados en 89 municipios, siendo Oaxaca de Ju\u00e1rez el primer lugar con 81, seguido de San Juan Bautista Tuxtepec con 37, San Pedro Mixtepec (Distrito 22) con 33, Miahuatl\u00e1n de Porfirio D\u00edaz 23, Santa Luc\u00eda del Camino 19, Salina Cruz y Santa Cruz Xoxocotl\u00e1n 18 cada uno, Santo Domingo Tehuantepec 17, Santa Mar\u00eda Huatulco 16, Heroica Ciudad de Juchit\u00e1n de Zaragoza 13, Huajuapan de Le\u00f3n 11, y el resto de nueve a un solo caso.<\/p>\n\n\n\n<p>Ante este panorama, los Servicios de Salud de Oaxaca (SSO) hacen un llamado a la poblaci\u00f3n y autoridades municipales, para que no bajen la guardia y contin\u00faen con las medidas sanitarias como el uso correcto del cubrebocas que cubra nariz y barbilla, aplicar la sana distancia de 1.5 metros y el lavado frecuente de manos con agua y jab\u00f3n, o usar alcohol en gel al 70%.<\/p>\n\n\n\n<p>Asimismo, evitar las reuniones, celebraciones masivas o fiestas patronales, eventos en lugares cerrados y poco ventilados, con el fin de evitar brotes comunitarios, como los ocurridos en diversas poblaciones del territorio estatal.<\/p>\n","protected":false},"excerpt":{"rendered":"<p>Redacci\u00f3n\/Zona Roja. Oaxaca de Ju\u00e1rez, Oax. 12 de agosto de 2021.- La entidad sigue siendo&hellip;<\/p>\n","protected":false},"author":2,"featured_media":30858,"comment_status":"closed","ping_status":"open","sticky":false,"template":"","format":"standard","meta":{"_lmt_disableupdate":"","_lmt_disable":"","_jetpack_memberships_contains_paid_content":false,"footnotes":""},"categories":[109,47],"tags":[1512],"class_list":["post-30857","post","type-post","status-publish","format-standard","has-post-thumbnail","hentry","category-minuto-a-minuto","category-zona-gris","tag-coronavirus-oaxaca"],"jetpack_featured_media_url":"https:\/\/zonaroja.com.mx\/wp-content\/uploads\/2021\/08\/SSO-2.jpg","jetpack_sharing_enabled":true,"_links":{"self":[{"href":"https:\/\/zonaroja.com.mx\/index.php?rest_route=\/wp\/v2\/posts\/30857","targetHints":{"allow":["GET"]}}],"collection":[{"href":"https:\/\/zonaroja.com.mx\/index.php?rest_route=\/wp\/v2\/posts"}],"about":[{"href":"https:\/\/zonaroja.com.mx\/index.php?rest_route=\/wp\/v2\/types\/post"}],"author":[{"embeddable":true,"href":"https:\/\/zonaroja.com.mx\/index.php?rest_route=\/wp\/v2\/users\/2"}],"replies":[{"embeddable":true,"href":"https:\/\/zonaroja.com.mx\/index.php?rest_route=%2Fwp%2Fv2%2Fcomments&post=30857"}],"version-history":[{"count":1,"href":"https:\/\/zonaroja.com.mx\/index.php?rest_route=\/wp\/v2\/posts\/30857\/revisions"}],"predecessor-version":[{"id":30859,"href":"https:\/\/zonaroja.com.mx\/index.php?rest_route=\/wp\/v2\/posts\/30857\/revisions\/30859"}],"wp:featuredmedia":[{"embeddable":true,"href":"https:\/\/zonaroja.com.mx\/index.php?rest_route=\/wp\/v2\/media\/30858"}],"wp:attachment":[{"href":"https:\/\/zonaroja.com.mx\/index.php?rest_route=%2Fwp%2Fv2%2Fmedia&parent=30857"}],"wp:term":[{"taxonomy":"category","embeddable":true,"href":"https:\/\/zonaroja.com.mx\/index.php?rest_route=%2Fwp%2Fv2%2Fcategories&post=30857"},{"taxonomy":"post_tag","embeddable":true,"href":"https:\/\/zonaroja.com.mx\/index.php?rest_route=%2Fwp%2Fv2%2Ftags&post=30857"}],"curies":[{"name":"wp","href":"https:\/\/api.w.org\/{rel}","templated":true}]}}