{"id":30860,"date":"2021-08-13T07:44:21","date_gmt":"2021-08-13T12:44:21","guid":{"rendered":"http:\/\/www.zonaroja.com.mx\/?p=30860"},"modified":"2021-08-13T07:44:26","modified_gmt":"2021-08-13T12:44:26","slug":"grave-de-salud-norteamericano-apunalado-en-oaxaca-capital","status":"publish","type":"post","link":"https:\/\/zonaroja.com.mx\/?p=30860","title":{"rendered":"Grave de salud, norteamericano apu\u00f1alado en Oaxaca capital"},"content":{"rendered":"\n<p>Redacci\u00f3n\/Zona Roja. Foto: Especial<\/p>\n\n\n\n<p>Oaxaca de Ju\u00e1rez, Oax., 13 de agosto de 2021.- Un hombre originario de los Estados Unidos de Norteam\u00e9rica fue atacado con arma blanca anoche en la ciudad de Oaxaca, presuntamente por resistirse a un asalto.<\/p>\n\n\n\n<p>El suceso se registr\u00f3 alrededor de las 22:00 horas en la calle de Arteaga, entre Manuel Doblado y Gonz\u00e1lez Ortega, en que un sujeto apu\u00f1al\u00f3 a quien fue identificado como Joseph Thomas Kiejy, de 44 a\u00f1os de edad, originario del estado de California.<\/p>\n\n\n\n<p>Tras ello, el agresor se subi\u00f3 a una motocicleta, junto con otro individuo, y se dio a la fuga, seg\u00fan refirieron los vecinos.<\/p>\n\n\n\n<figure class=\"wp-block-embed-twitter wp-block-embed is-type-rich is-provider-twitter\"><div class=\"wp-block-embed__wrapper\">\n<div class=\"twitter-tweet\"><blockquote class=\"twitter-tweet\" data-lang=\"es\"><p lang=\"es\" dir=\"ltr\"><a href=\"https:\/\/twitter.com\/hashtag\/%C3%9AltimoMinuto?src=hash&amp;ref_src=twsrc%5Etfw\">#\u00daltimoMinuto<\/a> <br>\u00bfY el <a href=\"https:\/\/twitter.com\/MunicipioSeguro?ref_src=twsrc%5Etfw\">@MunicipioSeguro<\/a>? Cada vez m\u00e1s grave la inseguridad en la ciudad de <a href=\"https:\/\/twitter.com\/hashtag\/Oaxaca?src=hash&amp;ref_src=twsrc%5Etfw\">#Oaxaca<\/a>. <br>Esta noche una persona del sexo masculino, al parecer de origen extranjero, fue atacada con arma blanca. <br>El hecho ocurri\u00f3 en la calle Arteaga, entre Doblado y Gonz\u00e1lez Ortega. <a href=\"https:\/\/t.co\/7WNxhhIapK\">pic.twitter.com\/7WNxhhIapK<\/a><\/p>&mdash; Zona Roja Oaxaca (@Zona_Roja_Oax) <a href=\"https:\/\/twitter.com\/Zona_Roja_Oax\/status\/1426034063647911939?ref_src=twsrc%5Etfw\">13 de agosto de 2021<\/a><\/blockquote><\/div>\n<\/div><\/figure>\n\n\n\n<p>Personal de la Cruz Roja Mexicana arrib\u00f3 al lugar, le brind\u00f3 los primeros auxilios y lo traslad\u00f3 a un hospital particular y de manera preliminar se inform\u00f3 que la v\u00edctima tiene exposici\u00f3n de v\u00edsceras.<\/p>\n\n\n\n<p>Por otra parte, ayer por la ma\u00f1ana fue tirada una granada en la calle Violetas, casi esquina con Belisario Dom\u00ednguez, de la colonia Reforma de la ciudad de Oaxaca.<\/p>\n\n\n\n<p>Presuntamente fue dirigida a un domicilio de la zona, con el prop\u00f3sito de intimidarla. Personal del Ej\u00e9rcito Mexicano y polic\u00edas estatales arribaron a la zona para recoger el artefacto.<\/p>\n\n\n\n<figure class=\"wp-block-embed-twitter wp-block-embed is-type-rich is-provider-twitter\"><div class=\"wp-block-embed__wrapper\">\n<div class=\"twitter-tweet\"><blockquote class=\"twitter-tweet\" data-lang=\"es\"><p lang=\"es\" dir=\"ltr\">Hasta el momento las autoridades federales, entre ellas la <a href=\"https:\/\/twitter.com\/SEDENAmx?ref_src=twsrc%5Etfw\">@SEDENAmx<\/a>, no han confirmado el origen o destino de una granada que fue encontrada en la calle de Violetas, en la colonia Reforma de la capital de <a href=\"https:\/\/twitter.com\/hashtag\/Oaxaca?src=hash&amp;ref_src=twsrc%5Etfw\">#Oaxaca<\/a>.<br>Los polic\u00edas del <a href=\"https:\/\/twitter.com\/MunicipioSeguro?ref_src=twsrc%5Etfw\">@MunicipioSeguro<\/a> ni cuenta se dieron de ello. <a href=\"https:\/\/t.co\/evUqY6nkTd\">pic.twitter.com\/evUqY6nkTd<\/a><\/p>&mdash; Zona Roja Oaxaca (@Zona_Roja_Oax) <a href=\"https:\/\/twitter.com\/Zona_Roja_Oax\/status\/1425921536754692097?ref_src=twsrc%5Etfw\">12 de agosto de 2021<\/a><\/blockquote><\/div>\n<\/div><\/figure>\n","protected":false},"excerpt":{"rendered":"<p>Redacci\u00f3n\/Zona Roja. Foto: Especial Oaxaca de Ju\u00e1rez, Oax., 13 de agosto de 2021.- Un hombre&hellip;<\/p>\n","protected":false},"author":2,"featured_media":30861,"comment_status":"closed","ping_status":"open","sticky":false,"template":"","format":"standard","meta":{"_lmt_disableupdate":"","_lmt_disable":"","_jetpack_memberships_contains_paid_content":false,"footnotes":""},"categories":[109,47],"tags":[148],"class_list":["post-30860","post","type-post","status-publish","format-standard","has-post-thumbnail","hentry","category-minuto-a-minuto","category-zona-gris","tag-oaxaca-de-juarez"],"jetpack_featured_media_url":"https:\/\/zonaroja.com.mx\/wp-content\/uploads\/2021\/08\/Estadounidense-atacado-en-la-ciudad-de-Oaxaca.jpg","jetpack_sharing_enabled":true,"_links":{"self":[{"href":"https:\/\/zonaroja.com.mx\/index.php?rest_route=\/wp\/v2\/posts\/30860","targetHints":{"allow":["GET"]}}],"collection":[{"href":"https:\/\/zonaroja.com.mx\/index.php?rest_route=\/wp\/v2\/posts"}],"about":[{"href":"https:\/\/zonaroja.com.mx\/index.php?rest_route=\/wp\/v2\/types\/post"}],"author":[{"embeddable":true,"href":"https:\/\/zonaroja.com.mx\/index.php?rest_route=\/wp\/v2\/users\/2"}],"replies":[{"embeddable":true,"href":"https:\/\/zonaroja.com.mx\/index.php?rest_route=%2Fwp%2Fv2%2Fcomments&post=30860"}],"version-history":[{"count":1,"href":"https:\/\/zonaroja.com.mx\/index.php?rest_route=\/wp\/v2\/posts\/30860\/revisions"}],"predecessor-version":[{"id":30862,"href":"https:\/\/zonaroja.com.mx\/index.php?rest_route=\/wp\/v2\/posts\/30860\/revisions\/30862"}],"wp:featuredmedia":[{"embeddable":true,"href":"https:\/\/zonaroja.com.mx\/index.php?rest_route=\/wp\/v2\/media\/30861"}],"wp:attachment":[{"href":"https:\/\/zonaroja.com.mx\/index.php?rest_route=%2Fwp%2Fv2%2Fmedia&parent=30860"}],"wp:term":[{"taxonomy":"category","embeddable":true,"href":"https:\/\/zonaroja.com.mx\/index.php?rest_route=%2Fwp%2Fv2%2Fcategories&post=30860"},{"taxonomy":"post_tag","embeddable":true,"href":"https:\/\/zonaroja.com.mx\/index.php?rest_route=%2Fwp%2Fv2%2Ftags&post=30860"}],"curies":[{"name":"wp","href":"https:\/\/api.w.org\/{rel}","templated":true}]}}