{"id":30863,"date":"2021-08-13T08:14:03","date_gmt":"2021-08-13T13:14:03","guid":{"rendered":"http:\/\/www.zonaroja.com.mx\/?p=30863"},"modified":"2021-08-13T08:14:06","modified_gmt":"2021-08-13T13:14:06","slug":"acreditado-el-92-9-de-elementos-de-la-policia-estatal","status":"publish","type":"post","link":"https:\/\/zonaroja.com.mx\/?p=30863","title":{"rendered":"Acreditado, el 92.9% de elementos de la Polic\u00eda Estatal"},"content":{"rendered":"\n<p>Redacci\u00f3n\/Zona Roja.<\/p>\n\n\n\n<p>Oaxaca de Ju\u00e1rez, Oax., 13 de agosto de 2021.- Al corte al 30 de junio del presente a\u00f1o, del universo de los polic\u00edas de seguridad p\u00fablica estatal en Oaxaca, el 92.9% cuentan con su Certificado \u00danico Policial vigente. En el caso de los dos mil 098 elementos de seguridad p\u00fablica municipal, el 74.1% cuenta con esta acreditaci\u00f3n.<\/p>\n\n\n\n<p>De acuerdo con el Secretario Ejecutivo del Sistema Estatal de Seguridad P\u00fablica en Oaxaca, el estado destaca por estar dentro de las 10 entidades con mayor n\u00famero de polic\u00edas certificados.<\/p>\n\n\n\n<p>En un comunicado, inform\u00f3 que que la Polic\u00eda de Investigaci\u00f3n y Procuraci\u00f3n de Justicia Estatal, el 79.6% de su totalidad, es acreditada con el Certificado \u00danico Policial; as\u00ed como, el cuerpo de Oficiales de Guarda y Custodia Estatal presenta un 96% de personal certificado.<\/p>\n\n\n\n<p>En un comunicado, inform\u00f3 que estos logros obtenidos durante la administraci\u00f3n del gobernador Alejandro Murat Hinojosa, dan certeza a la poblaci\u00f3n de cuentan con polic\u00edas confiables, sin vicios y sin compromisos con otra causa que no sea la de velar por su seguridad.<\/p>\n\n\n\n<p>Para obtener este certificado los elementos de seguridad p\u00fablica tuvieron que realizar y aprobar su examen de Control de Confianza; as\u00ed como su curso de Formaci\u00f3n inicial o equivalente, la Evaluaci\u00f3n de competencias b\u00e1sicas o profesionales y su Evaluaci\u00f3n del Desempe\u00f1o.<\/p>\n\n\n\n<p>CAPACITACI\u00d3N MUNICIPAL<\/p>\n\n\n\n<p>Por otra parte, con el objetivo de fortalecer la seguridad en las regiones del estado, la Secretar\u00eda de Seguridad P\u00fablica de Oaxaca (SSPO), a trav\u00e9s de la Subsecretar\u00eda de Informaci\u00f3n y Desarrollo Institucional (SIDI), iniciar\u00e1 con el periodo de capacitaci\u00f3n a topiles de la regi\u00f3n Mixteca, a partir de este 16 de agosto.<\/p>\n\n\n\n<p>El titular de la SSPO, Helidoro D\u00edaz Esc\u00e1rraga, sostuvo un acercamiento con autoridades de al menos nueve municipios ubicados en la regi\u00f3n Mixteca, mismos que se rigen por el Sistema Normativo Ind\u00edgena (SNI), con quienes se concret\u00f3 un plan de capacitaci\u00f3n dirigido a 250 topiles de la zona.<\/p>\n\n\n\n<p>D\u00edaz Esc\u00e1rraga se\u00f1al\u00f3 que el compromiso del Gobierno del Estado es fortalecer pol\u00edticas en materia de seguridad y justicia, respetando la diversidad \u00e9tnica, cultural y ling\u00fc\u00edstica de cada regi\u00f3n de la entidad.<\/p>\n\n\n\n<p>Indic\u00f3 que la actual administraci\u00f3n estatal, que encabeza el gobernador Alejandro Murat Hinojosa, reconoce y garantiza el derecho de los pueblos a la libre determinaci\u00f3n.<\/p>\n\n\n\n<p>A trav\u00e9s de la SIDI se puso a disposici\u00f3n a tres instructores certificados del Instituto de Profesionalizaci\u00f3n Policial, que en pr\u00f3ximas fechas acudir\u00e1n a la regi\u00f3n para dotar a las y los cursantes de las pr\u00e1cticas necesarias para el desempe\u00f1o de sus funciones, en un marco de respeto a los derechos humanos y garant\u00edas de la ciudadan\u00eda.<\/p>\n\n\n\n<p>Con la planeaci\u00f3n a cargo de la Direcci\u00f3n General del Sistema de Desarrollo Policial (Sidepol) y la colaboraci\u00f3n de las autoridades municipales de Santa Mar\u00eda Yucuhiti, Santa Cruz Nundaco, Santiago Yosond\u00faa, Santa Mar\u00eda del Rosario, Santo Tom\u00e1s Ocotepec, Magdalena Yodocono de Porfirio D\u00edaz, San Esteban Atatlahuaca, San Pedro Molinos y San Pedro Tida\u00e1, dichas actividades iniciar\u00e1n el pr\u00f3ximo lunes.<\/p>\n","protected":false},"excerpt":{"rendered":"<p>Redacci\u00f3n\/Zona Roja. Oaxaca de Ju\u00e1rez, Oax., 13 de agosto de 2021.- Al corte al 30&hellip;<\/p>\n","protected":false},"author":2,"featured_media":30864,"comment_status":"closed","ping_status":"open","sticky":false,"template":"","format":"standard","meta":{"_lmt_disableupdate":"","_lmt_disable":"","_jetpack_memberships_contains_paid_content":false,"footnotes":""},"categories":[109,46],"tags":[1421],"class_list":["post-30863","post","type-post","status-publish","format-standard","has-post-thumbnail","hentry","category-minuto-a-minuto","category-zona-blanca","tag-secretaria-de-seguridad-publica-de-oaxaca-sspo"],"jetpack_featured_media_url":"https:\/\/zonaroja.com.mx\/wp-content\/uploads\/2021\/08\/Policias-SSPO.jpg","jetpack_sharing_enabled":true,"_links":{"self":[{"href":"https:\/\/zonaroja.com.mx\/index.php?rest_route=\/wp\/v2\/posts\/30863","targetHints":{"allow":["GET"]}}],"collection":[{"href":"https:\/\/zonaroja.com.mx\/index.php?rest_route=\/wp\/v2\/posts"}],"about":[{"href":"https:\/\/zonaroja.com.mx\/index.php?rest_route=\/wp\/v2\/types\/post"}],"author":[{"embeddable":true,"href":"https:\/\/zonaroja.com.mx\/index.php?rest_route=\/wp\/v2\/users\/2"}],"replies":[{"embeddable":true,"href":"https:\/\/zonaroja.com.mx\/index.php?rest_route=%2Fwp%2Fv2%2Fcomments&post=30863"}],"version-history":[{"count":1,"href":"https:\/\/zonaroja.com.mx\/index.php?rest_route=\/wp\/v2\/posts\/30863\/revisions"}],"predecessor-version":[{"id":30865,"href":"https:\/\/zonaroja.com.mx\/index.php?rest_route=\/wp\/v2\/posts\/30863\/revisions\/30865"}],"wp:featuredmedia":[{"embeddable":true,"href":"https:\/\/zonaroja.com.mx\/index.php?rest_route=\/wp\/v2\/media\/30864"}],"wp:attachment":[{"href":"https:\/\/zonaroja.com.mx\/index.php?rest_route=%2Fwp%2Fv2%2Fmedia&parent=30863"}],"wp:term":[{"taxonomy":"category","embeddable":true,"href":"https:\/\/zonaroja.com.mx\/index.php?rest_route=%2Fwp%2Fv2%2Fcategories&post=30863"},{"taxonomy":"post_tag","embeddable":true,"href":"https:\/\/zonaroja.com.mx\/index.php?rest_route=%2Fwp%2Fv2%2Ftags&post=30863"}],"curies":[{"name":"wp","href":"https:\/\/api.w.org\/{rel}","templated":true}]}}