{"id":30869,"date":"2021-08-13T09:33:01","date_gmt":"2021-08-13T14:33:01","guid":{"rendered":"http:\/\/www.zonaroja.com.mx\/?p=30869"},"modified":"2021-08-13T09:33:04","modified_gmt":"2021-08-13T14:33:04","slug":"publican-listas-de-prelacion-del-proceso-de-seleccion-para-ingreso-a-escuelas-normales","status":"publish","type":"post","link":"https:\/\/zonaroja.com.mx\/?p=30869","title":{"rendered":"Publican listas de prelaci\u00f3n del proceso de selecci\u00f3n para ingreso a Escuelas Normales"},"content":{"rendered":"\n<p>Redacci\u00f3n\/Zona Roja.<\/p>\n\n\n\n<p>Oaxaca de Ju\u00e1rez, Oax. 13 de agosto de 2021.- El Instituto Estatal de Educaci\u00f3n P\u00fablica de Oaxaca (IEEPO), public\u00f3 en la p\u00e1gina web institucional www.oaxaca.gob.mx\/ieepo\/, las listas correspondientes a los resultados del proceso de admisi\u00f3n a las Escuelas Normales de la entidad para el ciclo escolar 2021-2022, informaci\u00f3n que se encuentra disponible para consulta de los interesados.<\/p>\n\n\n\n<p>Las y los aspirantes que hayan obtenido un lugar en alguno de los planteles, deber\u00e1n realizar su proceso de inscripci\u00f3n de acuerdo con los requisitos establecidos por cada instituci\u00f3n educativa y en los tiempos se\u00f1alados.<\/p>\n\n\n\n<p>\u201cComo lo ha instruido el director general, Francisco \u00c1ngel Villarreal, dicha informaci\u00f3n fue emitida con apego a la legalidad y a la normatividad, respetando los procesos y cubiertos todos los requisitos de cada una de las convocatorias de las Escuelas Normales\u201d, se\u00f1al\u00f3 el titular de la Unidad de Educaci\u00f3n Normal y Formaci\u00f3n de Docentes, Carlos Alberto Cuevas Cervantes.<\/p>\n\n\n\n<p>Indic\u00f3 que las listas de las y los aspirantes aceptados se encuentra publicadas en el portal institucional del IEEPO en el enlace: https:\/\/www.oaxaca.gob.mx\/ieepo\/resultado-del-examen-de-admision-de-las-escuelas-normales-ciclo-escolar-2021-2022\/.<\/p>\n\n\n\n<p>En esta convocatoria 2021-2022 se cont\u00f3 con la participaci\u00f3n de egresadas y egresados del nivel medio superior, con un total de 3 mil 728 registros. La aplicaci\u00f3n del examen se llev\u00f3 a cabo los d\u00edas 31 de julio, 1, 2 y 3 de agosto, con una participaci\u00f3n de un 96% de aspirantes.<\/p>\n","protected":false},"excerpt":{"rendered":"<p>Redacci\u00f3n\/Zona Roja. Oaxaca de Ju\u00e1rez, Oax. 13 de agosto de 2021.- El Instituto Estatal de&hellip;<\/p>\n","protected":false},"author":2,"featured_media":30870,"comment_status":"closed","ping_status":"open","sticky":false,"template":"","format":"standard","meta":{"_lmt_disableupdate":"","_lmt_disable":"","_jetpack_memberships_contains_paid_content":false,"footnotes":""},"categories":[109,46],"tags":[2837],"class_list":["post-30869","post","type-post","status-publish","format-standard","has-post-thumbnail","hentry","category-minuto-a-minuto","category-zona-blanca","tag-instituto-estatal-de-educacion-publica-de-oaxaca-ieepo"],"jetpack_featured_media_url":"https:\/\/zonaroja.com.mx\/wp-content\/uploads\/2021\/08\/01-IEEPO-2-1.jpg","jetpack_sharing_enabled":true,"_links":{"self":[{"href":"https:\/\/zonaroja.com.mx\/index.php?rest_route=\/wp\/v2\/posts\/30869","targetHints":{"allow":["GET"]}}],"collection":[{"href":"https:\/\/zonaroja.com.mx\/index.php?rest_route=\/wp\/v2\/posts"}],"about":[{"href":"https:\/\/zonaroja.com.mx\/index.php?rest_route=\/wp\/v2\/types\/post"}],"author":[{"embeddable":true,"href":"https:\/\/zonaroja.com.mx\/index.php?rest_route=\/wp\/v2\/users\/2"}],"replies":[{"embeddable":true,"href":"https:\/\/zonaroja.com.mx\/index.php?rest_route=%2Fwp%2Fv2%2Fcomments&post=30869"}],"version-history":[{"count":1,"href":"https:\/\/zonaroja.com.mx\/index.php?rest_route=\/wp\/v2\/posts\/30869\/revisions"}],"predecessor-version":[{"id":30871,"href":"https:\/\/zonaroja.com.mx\/index.php?rest_route=\/wp\/v2\/posts\/30869\/revisions\/30871"}],"wp:featuredmedia":[{"embeddable":true,"href":"https:\/\/zonaroja.com.mx\/index.php?rest_route=\/wp\/v2\/media\/30870"}],"wp:attachment":[{"href":"https:\/\/zonaroja.com.mx\/index.php?rest_route=%2Fwp%2Fv2%2Fmedia&parent=30869"}],"wp:term":[{"taxonomy":"category","embeddable":true,"href":"https:\/\/zonaroja.com.mx\/index.php?rest_route=%2Fwp%2Fv2%2Fcategories&post=30869"},{"taxonomy":"post_tag","embeddable":true,"href":"https:\/\/zonaroja.com.mx\/index.php?rest_route=%2Fwp%2Fv2%2Ftags&post=30869"}],"curies":[{"name":"wp","href":"https:\/\/api.w.org\/{rel}","templated":true}]}}