{"id":30872,"date":"2021-08-13T15:49:28","date_gmt":"2021-08-13T20:49:28","guid":{"rendered":"http:\/\/www.zonaroja.com.mx\/?p=30872"},"modified":"2021-08-13T15:49:32","modified_gmt":"2021-08-13T20:49:32","slug":"preven-en-oaxaca-regreso-a-las-aulas-seguro-y-gradual","status":"publish","type":"post","link":"https:\/\/zonaroja.com.mx\/?p=30872","title":{"rendered":"Prev\u00e9n en Oaxaca regreso a las aulas seguro y gradual"},"content":{"rendered":"\n<p>Evlin Arag\u00f3n\/Zona Roja.<\/p>\n\n\n\n<p>Oaxaca de Ju\u00e1rez, Oax., 13 de agosto de 2021.- El titular del Instituto Estatal de Educaci\u00f3n P\u00fablica del Estado de Oaxaca (IEEPO), Francisco \u00c1ngel Villareal, indic\u00f3 que el regreso presencial a clases en la entidad ser\u00e1 consensuado, seguro, gradual, escalonado, mixto y acorde a las circunstancias propias de cada comunidad.&nbsp;<\/p>\n\n\n\n<p>Lo anterior tras el anunci\u00f3 que hiciera la Secretar\u00eda de Educaci\u00f3n P\u00fablica (SEP) sobre el retorno a las aulas a partir del pr\u00f3ximo 30 de agosto.<\/p>\n\n\n\n<p>De acuerdo con el responsable de la pol\u00edtica educativa en Oaxaca, es prioridad proteger la salud y vida de ni\u00f1as, ni\u00f1os y adolescentes, por lo que se ha determinado un regreso gradual a los planteles con el respaldo del gremio docente, padres y madres de familia.&nbsp;<\/p>\n\n\n\n<p>Record\u00f3 que las medidas sanitarias del uso correcto del cubrebocas, la sana distancia y el lavado constante de manos ser\u00e1n cruciales para mantener a raya al coronavirus en los centros educativos.&nbsp;&nbsp;<\/p>\n\n\n\n<p>Finalmente. indic\u00f3 que la misi\u00f3n de la dependencia es continuar siendo el garante de un mejor futuro para las y los oaxaque\u00f1os.<\/p>\n\n\n\n<p>EN CONSENSO<\/p>\n\n\n\n<p>En este mismo, sentido el gobernador de Oaxaca, Alejandro Murat Hinojosa, asegur\u00f3 que se tomar\u00e1n las decisiones pertinentes una vez que se haya escuchado al personal docente y a los comit\u00e9s de padres de familia. \u201cEn los pr\u00f3ximos d\u00edas estaremos entablando esas conversaciones\u201d, dijo.<\/p>\n\n\n\n<p>As\u00ed mismo, indic\u00f3 que respeta la postura de la Secci\u00f3n 22 de la Coordinadora Nacional de Trabajadores de la Educaci\u00f3n (CNTE), que se ha opuesto al regreso presencial a las aulas, a la par que indic\u00f3 que siguen evaluando las condiciones para el regreso a clases.&nbsp;<\/p>\n\n\n\n<p>El mandatario estatal manifest\u00f3 que Oaxaca su administraci\u00f3n se apega al sem\u00e1foro epidemiol\u00f3gico, mismo que permitir\u00eda el retorno a clases de manera presencial al considerarse una actividad esencial.<\/p>\n\n\n\n<p>Sin embargo, los municipios pueden implementar acciones mucho m\u00e1s contundentes dependiendo de las condiciones en las que est\u00e9 impactando la pandemia en sus territorios y poblaciones.&nbsp;<\/p>\n\n\n\n<p>Apenas hace unos d\u00edas la Secci\u00f3n 22, a trav\u00e9s de su dirigente Eloy L\u00f3pez Hern\u00e1ndez, asegur\u00f3 que no volver\u00e1n a las aulas e iniciar\u00e1n el ciclo escolar 2021-2022 a distancia con la intenci\u00f3n de salvaguardar la salud del personal y el alumnado.&nbsp;<\/p>\n\n\n\n<p>Mientras que la SEP insiste en reactivar la educaci\u00f3n presencial e incluso propone la firma de una carta compromiso por parte de madres y padres de familia para asumir el riesgo de contagio en las y los menores de edad que a\u00fan no cuenta con la vacuna contra la Covid-19.&nbsp;<\/p>\n","protected":false},"excerpt":{"rendered":"<p>Evlin Arag\u00f3n\/Zona Roja. Oaxaca de Ju\u00e1rez, Oax., 13 de agosto de 2021.- El titular del&hellip;<\/p>\n","protected":false},"author":2,"featured_media":30873,"comment_status":"closed","ping_status":"open","sticky":false,"template":"","format":"standard","meta":{"_lmt_disableupdate":"","_lmt_disable":"","_jetpack_memberships_contains_paid_content":false,"footnotes":""},"categories":[109,46],"tags":[2837],"class_list":["post-30872","post","type-post","status-publish","format-standard","has-post-thumbnail","hentry","category-minuto-a-minuto","category-zona-blanca","tag-instituto-estatal-de-educacion-publica-de-oaxaca-ieepo"],"jetpack_featured_media_url":"https:\/\/zonaroja.com.mx\/wp-content\/uploads\/2021\/08\/Clases-escuelas-Oaxaca.jpg","jetpack_sharing_enabled":true,"_links":{"self":[{"href":"https:\/\/zonaroja.com.mx\/index.php?rest_route=\/wp\/v2\/posts\/30872","targetHints":{"allow":["GET"]}}],"collection":[{"href":"https:\/\/zonaroja.com.mx\/index.php?rest_route=\/wp\/v2\/posts"}],"about":[{"href":"https:\/\/zonaroja.com.mx\/index.php?rest_route=\/wp\/v2\/types\/post"}],"author":[{"embeddable":true,"href":"https:\/\/zonaroja.com.mx\/index.php?rest_route=\/wp\/v2\/users\/2"}],"replies":[{"embeddable":true,"href":"https:\/\/zonaroja.com.mx\/index.php?rest_route=%2Fwp%2Fv2%2Fcomments&post=30872"}],"version-history":[{"count":1,"href":"https:\/\/zonaroja.com.mx\/index.php?rest_route=\/wp\/v2\/posts\/30872\/revisions"}],"predecessor-version":[{"id":30874,"href":"https:\/\/zonaroja.com.mx\/index.php?rest_route=\/wp\/v2\/posts\/30872\/revisions\/30874"}],"wp:featuredmedia":[{"embeddable":true,"href":"https:\/\/zonaroja.com.mx\/index.php?rest_route=\/wp\/v2\/media\/30873"}],"wp:attachment":[{"href":"https:\/\/zonaroja.com.mx\/index.php?rest_route=%2Fwp%2Fv2%2Fmedia&parent=30872"}],"wp:term":[{"taxonomy":"category","embeddable":true,"href":"https:\/\/zonaroja.com.mx\/index.php?rest_route=%2Fwp%2Fv2%2Fcategories&post=30872"},{"taxonomy":"post_tag","embeddable":true,"href":"https:\/\/zonaroja.com.mx\/index.php?rest_route=%2Fwp%2Fv2%2Ftags&post=30872"}],"curies":[{"name":"wp","href":"https:\/\/api.w.org\/{rel}","templated":true}]}}