{"id":30881,"date":"2021-08-13T19:49:23","date_gmt":"2021-08-14T00:49:23","guid":{"rendered":"http:\/\/www.zonaroja.com.mx\/?p=30881"},"modified":"2021-08-13T19:56:41","modified_gmt":"2021-08-14T00:56:41","slug":"proximo-ciclo-escolar-sera-a-distancia-informa-la-uabjo","status":"publish","type":"post","link":"https:\/\/zonaroja.com.mx\/?p=30881","title":{"rendered":"Pr\u00f3ximo ciclo escolar ser\u00e1 a distancia, informa la UABJO"},"content":{"rendered":"\n<p>Redacci\u00f3n\/Zona Roja.<\/p>\n\n\n\n<p>Oaxaca de Ju\u00e1rez, Oax., 13 de agosto de 2021.- Debido al notable incremento de casos de Covid, en la tercera ola de la pandemia, la Universidad Aut\u00f3noma \u201cBenito Ju\u00e1rez\u201d de Oaxaca determin\u00f3 iniciar el pr\u00f3ximo ciclo escolar con clases a distancia.<\/p>\n\n\n\n<p>A trav\u00e9s de un comunicado, inform\u00f3 que derivado de la reuni\u00f3n efectuada el pasado 9 de agosto de 2021, en la cual participaron directores de escuelas, facultades e institutos, as\u00ed como integrantes de la Comisi\u00f3n T\u00e9cnica de Medidas de Salud (CTMS) de la m\u00e1xima casa de estudios y el rector Eduardo Bautista Mart\u00ednez, se determin\u00f3 que el inicio del ciclo escolar 2021-2022 en los dos niveles educativos, Medio Superior y Superior, ser\u00e1 el pr\u00f3ximo lunes 23 de agosto.<\/p>\n\n\n\n<p>Expuso que este semestre comenzar\u00e1 modalidad en l\u00ednea, con el objetivo de salvaguardar la salud de la comunidad universitaria y en apego a las recomendaciones de la CTMS-UABJO, debido al repunte de casos de Covid-19 registrados en Oaxaca, durante esta tercera ola de la pandemia.<\/p>\n\n\n\n<p>Asimismo, ampli\u00f3 la fecha para el proceso de inscripci\u00f3n de nuevo ingreso. En este sentido informa a los aspirantes que aprobaron el examen de admisi\u00f3n, que pueden imprimir sus \u00f3rdenes en www.admision.uabjo.mx teniendo como fecha l\u00edmite el mi\u00e9rcoles 18 de agosto y para realizar el pago el 19 del mismo mes.<\/p>\n\n\n\n<p>Agreg\u00f3 que las escuelas, facultades e institutos, trabajar\u00e1n con la Direcci\u00f3n de Servicios Escolares (DSE) para atender casos especiales durante el proceso de inscripci\u00f3n.<\/p>\n\n\n\n<figure class=\"wp-block-embed-twitter wp-block-embed is-type-rich is-provider-twitter\"><div class=\"wp-block-embed__wrapper\">\n<div class=\"twitter-tweet\"><blockquote class=\"twitter-tweet\" data-lang=\"es\"><p lang=\"es\" dir=\"ltr\"><a href=\"https:\/\/twitter.com\/hashtag\/AvisoImportante?src=hash&amp;ref_src=twsrc%5Etfw\">#AvisoImportante<\/a><br><br>A la comunidad universitaria:<br>Sobre el proceso de admisi\u00f3n y el inicio del ciclo escolar 2021-2022, se le informa lo siguiente: <a href=\"https:\/\/t.co\/rgFzhprw9d\">pic.twitter.com\/rgFzhprw9d<\/a><\/p>&mdash; Comunicaci\u00f3nUABJO (@comunica_UABJO) <a href=\"https:\/\/twitter.com\/comunica_UABJO\/status\/1426167726133977097?ref_src=twsrc%5Etfw\">13 de agosto de 2021<\/a><\/blockquote><\/div>\n<\/div><\/figure>\n\n\n\n<p>En tanto que se solicita a j\u00f3venes seleccionados, realizar un \u00fanico env\u00edo de su documentaci\u00f3n completa y en caso de dudas, dirigirse a la facultad, escuela o instituto que les corresponda.<\/p>\n\n\n\n<p>Asimismo se informa que la DSE estar\u00e1 atendiendo del lunes 16 al jueves 19 de agosto, de 11:00 a 13:30 horas, en sus instalaciones ubicadas a un costado de la Facultad de Derecho y Ciencias Sociales, en Ciudad Universitaria. Es indispensable el uso de cubrebocas, gel y conservar la sana distancia.<\/p>\n\n\n\n<p>\u201cSe pide a la comunidad universitaria estar pendiente de los avisos oficiales a trav\u00e9s de los canales institucionales de comunicaci\u00f3n\u201d, detall\u00f3 la instituci\u00f3n.<\/p>\n\n\n\n<p>En tanto, en entrevista con Radio ORO, el rector Bautista Mart\u00ednez confirm\u00f3 la determinaci\u00f3n que tomaron las autoridades universitarias.<\/p>\n\n\n\n<p>\u201cSer\u00e1 a trav\u00e9s de plataformas digitales, ser\u00e1 educaci\u00f3n a distancia, dado el repunte de casos en el estado y ello incide tambi\u00e9n en la vida universitaria.<\/p>\n\n\n\n<p>\u201cPara nosotros, para las autoridades universitarias, la prioridad es el cuidado de la salud y la seguridad de todas y todos los integrantes de la comunidad. No podemos bajar la guardia, debemos resguardad la salud de todos\u201d, dijo.<\/p>\n","protected":false},"excerpt":{"rendered":"<p>Redacci\u00f3n\/Zona Roja. Oaxaca de Ju\u00e1rez, Oax., 13 de agosto de 2021.- Debido al notable incremento&hellip;<\/p>\n","protected":false},"author":2,"featured_media":30882,"comment_status":"closed","ping_status":"open","sticky":false,"template":"","format":"standard","meta":{"_lmt_disableupdate":"","_lmt_disable":"","_jetpack_memberships_contains_paid_content":false,"footnotes":""},"categories":[109,46],"tags":[360],"class_list":["post-30881","post","type-post","status-publish","format-standard","has-post-thumbnail","hentry","category-minuto-a-minuto","category-zona-blanca","tag-rector-eduardo-bautista-martinez"],"jetpack_featured_media_url":"https:\/\/zonaroja.com.mx\/wp-content\/uploads\/2021\/08\/UABJO-rectoria-clase.jpg","jetpack_sharing_enabled":true,"_links":{"self":[{"href":"https:\/\/zonaroja.com.mx\/index.php?rest_route=\/wp\/v2\/posts\/30881","targetHints":{"allow":["GET"]}}],"collection":[{"href":"https:\/\/zonaroja.com.mx\/index.php?rest_route=\/wp\/v2\/posts"}],"about":[{"href":"https:\/\/zonaroja.com.mx\/index.php?rest_route=\/wp\/v2\/types\/post"}],"author":[{"embeddable":true,"href":"https:\/\/zonaroja.com.mx\/index.php?rest_route=\/wp\/v2\/users\/2"}],"replies":[{"embeddable":true,"href":"https:\/\/zonaroja.com.mx\/index.php?rest_route=%2Fwp%2Fv2%2Fcomments&post=30881"}],"version-history":[{"count":2,"href":"https:\/\/zonaroja.com.mx\/index.php?rest_route=\/wp\/v2\/posts\/30881\/revisions"}],"predecessor-version":[{"id":30884,"href":"https:\/\/zonaroja.com.mx\/index.php?rest_route=\/wp\/v2\/posts\/30881\/revisions\/30884"}],"wp:featuredmedia":[{"embeddable":true,"href":"https:\/\/zonaroja.com.mx\/index.php?rest_route=\/wp\/v2\/media\/30882"}],"wp:attachment":[{"href":"https:\/\/zonaroja.com.mx\/index.php?rest_route=%2Fwp%2Fv2%2Fmedia&parent=30881"}],"wp:term":[{"taxonomy":"category","embeddable":true,"href":"https:\/\/zonaroja.com.mx\/index.php?rest_route=%2Fwp%2Fv2%2Fcategories&post=30881"},{"taxonomy":"post_tag","embeddable":true,"href":"https:\/\/zonaroja.com.mx\/index.php?rest_route=%2Fwp%2Fv2%2Ftags&post=30881"}],"curies":[{"name":"wp","href":"https:\/\/api.w.org\/{rel}","templated":true}]}}