{"id":30885,"date":"2021-08-13T21:13:20","date_gmt":"2021-08-14T02:13:20","guid":{"rendered":"http:\/\/www.zonaroja.com.mx\/?p=30885"},"modified":"2021-08-13T21:42:55","modified_gmt":"2021-08-14T02:42:55","slug":"asesinan-a-una-persona-en-tuxtepec-y-a-dos-oaxaquenos-en-veracruz","status":"publish","type":"post","link":"https:\/\/zonaroja.com.mx\/?p=30885","title":{"rendered":"Asesinan a una persona en Tuxtepec y a dos oaxaque\u00f1os en Veracruz"},"content":{"rendered":"\n<p>Redacci\u00f3n\/Zona Roja.<\/p>\n\n\n\n<p>Oaxaca de Ju\u00e1rez, Oax., 13 de agosto de 2021.- Dos j\u00f3venes oaxaque\u00f1os reportados como desaparecidos en Loma Bonita, fueron asesinados en el estado de Veracruz, mientras que en Tuxtepec, un individuo fue ejecutado a balazos.<\/p>\n\n\n\n<p>La ma\u00f1ana de este viernes fue localizado un cuerpo sin vida con varios impactos de arma de fuego, en la calle Sor Juana In\u00e9s de la Cruz de la colonia Catarino Torres Pereda de San Juan Bautista Tuxtepec.<\/p>\n\n\n\n<p>Los familiares lo identificaron como Faustino Mart\u00ednez Ramos y hasta el momento se desconoce el m\u00f3vil del crimen como la identidad del o de los agresores.<\/p>\n\n\n\n<p>Mientras que esta tarde, en la comunidad de Laguna Lagarto, del municipio de Chacaltianguis, Veracruz, fueron localizados los cuerpos de dos j\u00f3venes, desaparecidos ayer jueves 12 de agosto en el municipio de Loma Bonita.<\/p>\n\n\n\n<p>Fueron hallados en el interior de una unidad de motor, con impactos de bala, e identificados como Hendrick Salas Cancino y Emanuel Gonz\u00e1lez Andrade.<\/p>\n\n\n\n<p>El primero de ellos hijo de la presidenta municipal electa de San Jos\u00e9 Independencia, Oaxaca, y el segundo, ex dirigente municipal del Partido Acci\u00f3n Nacional en Loma Bonita, en el periodo 2016-2017.<\/p>\n","protected":false},"excerpt":{"rendered":"<p>Redacci\u00f3n\/Zona Roja. Oaxaca de Ju\u00e1rez, Oax., 13 de agosto de 2021.- Dos j\u00f3venes oaxaque\u00f1os reportados&hellip;<\/p>\n","protected":false},"author":2,"featured_media":2940,"comment_status":"closed","ping_status":"open","sticky":false,"template":"","format":"standard","meta":{"_lmt_disableupdate":"","_lmt_disable":"","_jetpack_memberships_contains_paid_content":false,"footnotes":""},"categories":[109,51],"tags":[118],"class_list":["post-30885","post","type-post","status-publish","format-standard","has-post-thumbnail","hentry","category-minuto-a-minuto","category-zona-roja","tag-san-juan-bautista-tuxtepec"],"jetpack_featured_media_url":"https:\/\/zonaroja.com.mx\/wp-content\/uploads\/2019\/08\/Asesinatos.jpg","jetpack_sharing_enabled":true,"_links":{"self":[{"href":"https:\/\/zonaroja.com.mx\/index.php?rest_route=\/wp\/v2\/posts\/30885","targetHints":{"allow":["GET"]}}],"collection":[{"href":"https:\/\/zonaroja.com.mx\/index.php?rest_route=\/wp\/v2\/posts"}],"about":[{"href":"https:\/\/zonaroja.com.mx\/index.php?rest_route=\/wp\/v2\/types\/post"}],"author":[{"embeddable":true,"href":"https:\/\/zonaroja.com.mx\/index.php?rest_route=\/wp\/v2\/users\/2"}],"replies":[{"embeddable":true,"href":"https:\/\/zonaroja.com.mx\/index.php?rest_route=%2Fwp%2Fv2%2Fcomments&post=30885"}],"version-history":[{"count":2,"href":"https:\/\/zonaroja.com.mx\/index.php?rest_route=\/wp\/v2\/posts\/30885\/revisions"}],"predecessor-version":[{"id":30887,"href":"https:\/\/zonaroja.com.mx\/index.php?rest_route=\/wp\/v2\/posts\/30885\/revisions\/30887"}],"wp:featuredmedia":[{"embeddable":true,"href":"https:\/\/zonaroja.com.mx\/index.php?rest_route=\/wp\/v2\/media\/2940"}],"wp:attachment":[{"href":"https:\/\/zonaroja.com.mx\/index.php?rest_route=%2Fwp%2Fv2%2Fmedia&parent=30885"}],"wp:term":[{"taxonomy":"category","embeddable":true,"href":"https:\/\/zonaroja.com.mx\/index.php?rest_route=%2Fwp%2Fv2%2Fcategories&post=30885"},{"taxonomy":"post_tag","embeddable":true,"href":"https:\/\/zonaroja.com.mx\/index.php?rest_route=%2Fwp%2Fv2%2Ftags&post=30885"}],"curies":[{"name":"wp","href":"https:\/\/api.w.org\/{rel}","templated":true}]}}