{"id":30888,"date":"2021-08-13T22:12:08","date_gmt":"2021-08-14T03:12:08","guid":{"rendered":"http:\/\/www.zonaroja.com.mx\/?p=30888"},"modified":"2021-08-13T22:12:11","modified_gmt":"2021-08-14T03:12:11","slug":"registra-oaxaca-en-un-mes-el-doble-de-muertes-por-covid-19","status":"publish","type":"post","link":"https:\/\/zonaroja.com.mx\/?p=30888","title":{"rendered":"Registra Oaxaca en un mes el doble de muertes por Covid-19"},"content":{"rendered":"\n<p>Redacci\u00f3n\/Zona Roja.<\/p>\n\n\n\n<p>Oaxaca de Ju\u00e1rez, Oax., 13 de agosto de 2021.- La tercera ola de la pandemia por Covid-19 mantiene un ritmo acelerado en la entidad.<\/p>\n\n\n\n<p>En esta ocasi\u00f3n, como no hab\u00eda ocurrido en semanas atr\u00e1s, la cifra de defunciones notificadas se duplic\u00f3 en tan solo un mes, al registrar 22 p\u00e9rdidas de vidas humanas, cuando el promedio diario era de 11 decesos.<\/p>\n\n\n\n<p>La \u00faltima vez que Oaxaca super\u00f3 las 20 muertes fue el pasado 25 de junio, con 34 v\u00edctimas mortales de esta infecci\u00f3n respiratoria viral.<\/p>\n\n\n\n<p>Por lo que los Servicios de Salud de Oaxaca (SSO) insisten en el llamado a la ciudadan\u00eda para que evite las reuniones, fiestas, celebraciones en espacios cerrados, salir solo si es necesario, continuar usando el cubrebocas, aplicar la sana distancia, lavar las manos con agua y jab\u00f3n o ponerse alcohol en gel al 70%, y vacunarse contra el virus SARS-CoV-2 cuando sea su turno.<\/p>\n\n\n\n<p>Ante el aumento de casos positivos, hay 25 nosocomios que est\u00e1n al 100% de su capacidad, lo que ha ocasionado que la ocupaci\u00f3n global de la red hospitalaria del Sector Salud sea del 75.2%, pues de las 472 camas destinadas para atender a pacientes con esta enfermedad, hay 355 ocupadas y 117 libres.<\/p>\n\n\n\n<p>Las Jurisdicciones Sanitarias de Tuxtepec y Costa, presentan una saturaci\u00f3n preocupante, al reportar 91.7% y 80.7%, respectivamente.<\/p>\n\n\n\n<figure class=\"wp-block-embed-twitter wp-block-embed is-type-rich is-provider-twitter\"><div class=\"wp-block-embed__wrapper\">\n<div class=\"twitter-tweet\"><blockquote class=\"twitter-tweet\" data-lang=\"es\"><p lang=\"es\" dir=\"ltr\"><a href=\"https:\/\/twitter.com\/hashtag\/%C3%9AltimoMinuto?src=hash&amp;ref_src=twsrc%5Etfw\">#\u00daltimoMinuto<\/a><br>Este viernes los <a href=\"https:\/\/twitter.com\/SSO_GobOax?ref_src=twsrc%5Etfw\">@SSO_GobOax<\/a> reportaron 417 casos positivos, para un acumulado de 59 mil 690 confirmados.<br>Tambi\u00e9n, 22 decesos, con lo que suman 4 mil 286 fallecimientos.<br>Hay 25 hospitales llenos de pacientes; ocupaci\u00f3n hospitalaria al 75.2%; 2 mil 675 casos activos. <a href=\"https:\/\/t.co\/U0NRPSRtA2\">pic.twitter.com\/U0NRPSRtA2<\/a><\/p>&mdash; Zona Roja Oaxaca (@Zona_Roja_Oax) <a href=\"https:\/\/twitter.com\/Zona_Roja_Oax\/status\/1426355599244201989?ref_src=twsrc%5Etfw\">14 de agosto de 2021<\/a><\/blockquote><\/div>\n<\/div><\/figure>\n\n\n\n<p>Este viernes se reportan 417 casos nuevos de Covid-19, que suman 59 mil 690 acumulados, cuatro mil 286 decesos, se han recuperado 52 mil 729 personas y dos mil 675 personas que cursan la enfermedad viral en etapa activa, las cuales deben permanecer aisladas sin salir de casa y en vigilancia m\u00e9dica, adem\u00e1s de evitar el contacto con sus familiares.<\/p>\n\n\n\n<p>Por Jurisdicci\u00f3n Sanitaria, Valles Centrales supera los dos mil 003 fallecimientos con 36 mil 943 casos confirmados, Istmo registra 897 decesos y siete mil 401 casos confirmados de la enfermedad, Mixteca 427 defunciones y cuatro mil 832 casos confirmados, Tuxtepec 377 decesos y cuatro mil 41 casos confirmados, Costa 352 defunciones y cuatro mil 452 casos confirmados, Sierra 230 defunciones y dos mil 21 casos confirmados.<\/p>\n\n\n\n<p>Los 417 casos nuevos est\u00e1n distribuidos en 85 municipios, siendo el de San Juan Bautista Tuxtepec con 68, seguido de Oaxaca de Ju\u00e1rez con 63, Ciudad Ixtepec 23, Santa Cruz Xoxocotl\u00e1n 19, Juchit\u00e1n de Zaragoza 17, Santa Mar\u00eda Huatulco 16, Santa Luc\u00eda del Camino 15, Salina Cruz 10, San Pedro Mixtepec (distrito 22) 9, Miahuatl\u00e1n de Porfirio D\u00edaz 8, el resto de 7 a un solo caso.<\/p>\n\n\n\n<p>(Comunicado)<\/p>\n","protected":false},"excerpt":{"rendered":"<p>Redacci\u00f3n\/Zona Roja. Oaxaca de Ju\u00e1rez, Oax., 13 de agosto de 2021.- La tercera ola de&hellip;<\/p>\n","protected":false},"author":2,"featured_media":30889,"comment_status":"closed","ping_status":"open","sticky":false,"template":"","format":"standard","meta":{"_lmt_disableupdate":"","_lmt_disable":"","_jetpack_memberships_contains_paid_content":false,"footnotes":""},"categories":[109,47],"tags":[1512],"class_list":["post-30888","post","type-post","status-publish","format-standard","has-post-thumbnail","hentry","category-minuto-a-minuto","category-zona-gris","tag-coronavirus-oaxaca"],"jetpack_featured_media_url":"https:\/\/zonaroja.com.mx\/wp-content\/uploads\/2021\/08\/GRAFICA-SSO-01-1.jpg","jetpack_sharing_enabled":true,"_links":{"self":[{"href":"https:\/\/zonaroja.com.mx\/index.php?rest_route=\/wp\/v2\/posts\/30888","targetHints":{"allow":["GET"]}}],"collection":[{"href":"https:\/\/zonaroja.com.mx\/index.php?rest_route=\/wp\/v2\/posts"}],"about":[{"href":"https:\/\/zonaroja.com.mx\/index.php?rest_route=\/wp\/v2\/types\/post"}],"author":[{"embeddable":true,"href":"https:\/\/zonaroja.com.mx\/index.php?rest_route=\/wp\/v2\/users\/2"}],"replies":[{"embeddable":true,"href":"https:\/\/zonaroja.com.mx\/index.php?rest_route=%2Fwp%2Fv2%2Fcomments&post=30888"}],"version-history":[{"count":1,"href":"https:\/\/zonaroja.com.mx\/index.php?rest_route=\/wp\/v2\/posts\/30888\/revisions"}],"predecessor-version":[{"id":30890,"href":"https:\/\/zonaroja.com.mx\/index.php?rest_route=\/wp\/v2\/posts\/30888\/revisions\/30890"}],"wp:featuredmedia":[{"embeddable":true,"href":"https:\/\/zonaroja.com.mx\/index.php?rest_route=\/wp\/v2\/media\/30889"}],"wp:attachment":[{"href":"https:\/\/zonaroja.com.mx\/index.php?rest_route=%2Fwp%2Fv2%2Fmedia&parent=30888"}],"wp:term":[{"taxonomy":"category","embeddable":true,"href":"https:\/\/zonaroja.com.mx\/index.php?rest_route=%2Fwp%2Fv2%2Fcategories&post=30888"},{"taxonomy":"post_tag","embeddable":true,"href":"https:\/\/zonaroja.com.mx\/index.php?rest_route=%2Fwp%2Fv2%2Ftags&post=30888"}],"curies":[{"name":"wp","href":"https:\/\/api.w.org\/{rel}","templated":true}]}}