{"id":30891,"date":"2021-08-14T07:30:58","date_gmt":"2021-08-14T12:30:58","guid":{"rendered":"http:\/\/www.zonaroja.com.mx\/?p=30891"},"modified":"2021-08-14T07:31:02","modified_gmt":"2021-08-14T12:31:02","slug":"por-presunto-conflicto-agrario-asesinan-a-tres-individuos-en-amoltepec","status":"publish","type":"post","link":"https:\/\/zonaroja.com.mx\/?p=30891","title":{"rendered":"Por presunto conflicto agrario, asesinan a tres individuos en Amoltepec"},"content":{"rendered":"\n<p>Ismael Garc\u00eda M.\/Zona Roja.<\/p>\n\n\n\n<p>Oaxaca de Ju\u00e1rez, Oax., 14 de agosto de 2021.- Tres personas fueron asesinadas a balazos en Santiago Amoltepec, derivado presuntamente de un conflicto agrario con sus vecinos de San Mateo Yucutindoo, en la regi\u00f3n Sierra Sur de Oaxaca.<\/p>\n\n\n\n<p>La agresi\u00f3n armada ocurri\u00f3 la tarde de ayer viernes en la localidad de Barranca Honda, en que fueron ultimados el profesor Cornelio Velasco, su hermano Rodrigo Velasco y Leonel Ch\u00e1vez.<\/p>\n\n\n\n<p>La autoridad municipal de Amoltepec, del distrito de Sola de Vega, dio a conocer el ataque a trav\u00e9s de su perfil de Facebool.<\/p>\n\n\n\n<p>\u201cLamentamos profundamente la p\u00e9rdida de 3 excepcionales persona de la agencia Barranca Honda. Esperamos que las autoridades municipales, estatales y federales tomen carta en el asunto.<\/p>\n\n\n\n<p>\u201cEsperamos respuesta de los diputados que hacen publicidad en sus campa\u00f1as pol\u00edticas de que en la Sierra Sur no pasa nada y que los problemas agrarios se est\u00e1n solucionando. Lamentable que pasen estos hechos\u2026\u201d, difundieron.<\/p>\n","protected":false},"excerpt":{"rendered":"<p>Ismael Garc\u00eda M.\/Zona Roja. Oaxaca de Ju\u00e1rez, Oax., 14 de agosto de 2021.- Tres personas&hellip;<\/p>\n","protected":false},"author":2,"featured_media":24266,"comment_status":"closed","ping_status":"open","sticky":false,"template":"","format":"standard","meta":{"_lmt_disableupdate":"","_lmt_disable":"","_jetpack_memberships_contains_paid_content":false,"footnotes":""},"categories":[109,51],"tags":[860],"class_list":["post-30891","post","type-post","status-publish","format-standard","has-post-thumbnail","hentry","category-minuto-a-minuto","category-zona-roja","tag-santiago-amoltepec"],"jetpack_featured_media_url":"https:\/\/zonaroja.com.mx\/wp-content\/uploads\/2021\/03\/Santiago-Amoltepec.jpg","jetpack_sharing_enabled":true,"_links":{"self":[{"href":"https:\/\/zonaroja.com.mx\/index.php?rest_route=\/wp\/v2\/posts\/30891","targetHints":{"allow":["GET"]}}],"collection":[{"href":"https:\/\/zonaroja.com.mx\/index.php?rest_route=\/wp\/v2\/posts"}],"about":[{"href":"https:\/\/zonaroja.com.mx\/index.php?rest_route=\/wp\/v2\/types\/post"}],"author":[{"embeddable":true,"href":"https:\/\/zonaroja.com.mx\/index.php?rest_route=\/wp\/v2\/users\/2"}],"replies":[{"embeddable":true,"href":"https:\/\/zonaroja.com.mx\/index.php?rest_route=%2Fwp%2Fv2%2Fcomments&post=30891"}],"version-history":[{"count":1,"href":"https:\/\/zonaroja.com.mx\/index.php?rest_route=\/wp\/v2\/posts\/30891\/revisions"}],"predecessor-version":[{"id":30892,"href":"https:\/\/zonaroja.com.mx\/index.php?rest_route=\/wp\/v2\/posts\/30891\/revisions\/30892"}],"wp:featuredmedia":[{"embeddable":true,"href":"https:\/\/zonaroja.com.mx\/index.php?rest_route=\/wp\/v2\/media\/24266"}],"wp:attachment":[{"href":"https:\/\/zonaroja.com.mx\/index.php?rest_route=%2Fwp%2Fv2%2Fmedia&parent=30891"}],"wp:term":[{"taxonomy":"category","embeddable":true,"href":"https:\/\/zonaroja.com.mx\/index.php?rest_route=%2Fwp%2Fv2%2Fcategories&post=30891"},{"taxonomy":"post_tag","embeddable":true,"href":"https:\/\/zonaroja.com.mx\/index.php?rest_route=%2Fwp%2Fv2%2Ftags&post=30891"}],"curies":[{"name":"wp","href":"https:\/\/api.w.org\/{rel}","templated":true}]}}