{"id":30896,"date":"2021-08-14T07:52:59","date_gmt":"2021-08-14T12:52:59","guid":{"rendered":"http:\/\/www.zonaroja.com.mx\/?p=30896"},"modified":"2021-08-14T10:00:31","modified_gmt":"2021-08-14T15:00:31","slug":"llaman-en-congreso-a-titular-de-salud-a-no-ser-omiso-y-atender-problematicas","status":"publish","type":"post","link":"https:\/\/zonaroja.com.mx\/?p=30896","title":{"rendered":"Llaman en Congreso a titular de Salud a no ser omiso y atender problem\u00e1ticas"},"content":{"rendered":"\n<p>Redacci\u00f3n\/Zona Roja.<\/p>\n\n\n\n<p>Oaxaca de Ju\u00e1rez, Oax., 14 de agosto de 2021.- Ante las m\u00faltiples quejas, paro de labores, demandas sindicales y falta de equipamiento e insumos en los Servicios de Salud de Oaxaca, el diputado local C\u00e9sar Morales Ni\u00f1o exigi\u00f3 al titular de la dependencia, Juan Carlos M\u00e1rquez Heine, atender y resolver dichas problem\u00e1ticas.<\/p>\n\n\n\n<p>En particular, enfatiz\u00f3 en la urgencia que se pague al proveedor que brinda servicios de seguridad y limpieza en hospitales y cuya demanda deton\u00f3 ayer en paros y bloqueos en la ciudad de Oaxaca y otras regiones de la entidad.<\/p>\n\n\n\n<p>\u201cEs necesario que se atienda esta situaci\u00f3n y se liberen los pagos retenidos a los trabajadores y trabajadoras, ya que en esta circunstancia de pandemia es importante que la limpieza no se descuide en los hospitales para evitar focos de contagio, adem\u00e1s de controlar los accesos con las medidas de seguridad y la debida canalizaci\u00f3n de las personas que acuden a los hospitales\u201d, dijo.<\/p>\n\n\n\n<p>En una intervenci\u00f3n en Asuntos Generales de la sesi\u00f3n ordinaria del pasado mi\u00e9rcoles, puso tambi\u00e9n como ejemplo el caso del nosocomio ubicado en Ciudad Ixtepec, regi\u00f3n del Istmo, donde adem\u00e1s desde hace varias semanas est\u00e1n en protesta por asuntos sin resolver.<\/p>\n\n\n\n<p>En tanto que se debe ponerse atenci\u00f3n en las afectaciones que tiene el nuevo Hospital de Juchit\u00e1n, ya que es un hospital reci\u00e9n construido y ya se est\u00e1 cayendo el techo de algunas \u00e1reas, lo que hace presumir una mala calidad en los materiales y corrupci\u00f3n en la construcci\u00f3n de esa obra.<\/p>\n\n\n\n<p>\u201cPor ello debe investigarse e iniciarse los procedimientos administrativos para deslindar responsabilidades y en su caso hacer valer las fianzas, para que se reparen los da\u00f1os a la brevedad posible\u201d, detall\u00f3.<\/p>\n\n\n\n<p>De la misma manera, Morales Ni\u00f1o se pronunci\u00f3 porque se revise y se cubran las prestaciones laborales del personal regularizado, precario, formalizado y homologado de los servicios de salud de Oaxaca, que ser\u00e1 indemnizando el 18 de agosto, ya que son cientos de trabajadores y trabajadoras que ser\u00e1n despedidos en esa fecha por una deficiente gesti\u00f3n de pagos por parte de la Secretar\u00eda de Salud del Estado, ante el Gobierno Federal.<\/p>\n\n\n\n<p>\u201cTodos estos temas deben ser atendidos por el secretario de Salud del estado, ya que hasta ahora ha sido recurrente su desinter\u00e9s y el abandono a estas problem\u00e1ticas.<\/p>\n\n\n\n<p>\u201cInvito a las y los trabajadores del sector salud a seguir visibilizando este tipo de problem\u00e1ticas y a seguir informando a la poblaci\u00f3n, entre m\u00e1s visibilicemos, mas podemos exigir la atenci\u00f3n urgente a estos temas del \u00e1rea de la salud\u201d, manifest\u00f3.<\/p>\n\n\n\n<p>PIDE SEPARACI\u00d3N <\/p>\n\n\n\n<p>Por otra parte, el legislador por el Partido Morena, present\u00f3 al pleno de la 64 Legislatura un Punto de Acuerdo, en que pide se exhorte al titular del Poder Ejecutivo, Alejandro Murat Hinojosa, se separe temporalmente del cargo para atender una determinaci\u00f3n del Tribunal Electoral del Poder Judicial de la Federaci\u00f3n.<\/p>\n\n\n\n<p>Record\u00f3 que el pasado 5 de agosto del 2021, la Sala Regional Especializada del dicho \u00f3rgano, dict\u00f3 sentencia dentro un Procedimiento Especial Sancionador, iniciado en contra del Gobernador del Estado de Oaxaca, por su participaci\u00f3n en el acto inaugural del Congreso Nacional de la Asociaci\u00f3n de Instituciones de Ense\u00f1anza de la Arquitectura de la Rep\u00fablica Mexicana (ASINEA), realizado el pasado 13 de mayo.<\/p>\n\n\n\n<p>La Sala Regional Especializada consider\u00f3 que, en dicho evento el mandatario estatal difundi\u00f3 logros de gobierno, al incluir la referencia a obras p\u00fablicas realizadas por su administraci\u00f3n, a trav\u00e9s de expresiones encaminadas a exaltar los logros de su gesti\u00f3n mediante la descripci\u00f3n de diversas obras de infraestructura realizadas recientemente en la entidad.<\/p>\n\n\n\n<p>Expuso que las declaraciones del gobernador se realizaron y difundieron durante la campa\u00f1a del proceso electoral federal y local concurrentes, por ello, se declar\u00f3 existente el uso indebido de recursos p\u00fablicos para promoci\u00f3n de obras p\u00fablicas durante un periodo prohibido.<\/p>\n\n\n\n<p>Por esa raz\u00f3n, la Sala Especializada, orden\u00f3 remitir copia certificada de la sentencia a este Congreso para que determine la sanci\u00f3n que le resulta aplicable al mandatario.<\/p>\n\n\n\n<p>\u201cCon esos antecedentes, he presentado un Punto de Acuerdo para que este Congreso exhorte al Gobernador del Estado, para que preventivamente se separe del cargo, hasta que esta Legislatura d\u00e9 cumplimiento a la sentencia dictada por la Sala Regional Especializada\u201d, detall\u00f3.<\/p>\n","protected":false},"excerpt":{"rendered":"<p>Redacci\u00f3n\/Zona Roja. Oaxaca de Ju\u00e1rez, Oax., 14 de agosto de 2021.- Ante las m\u00faltiples quejas,&hellip;<\/p>\n","protected":false},"author":2,"featured_media":30824,"comment_status":"closed","ping_status":"open","sticky":false,"template":"","format":"standard","meta":{"_lmt_disableupdate":"","_lmt_disable":"","_jetpack_memberships_contains_paid_content":false,"footnotes":""},"categories":[109,46],"tags":[612],"class_list":["post-30896","post","type-post","status-publish","format-standard","has-post-thumbnail","hentry","category-minuto-a-minuto","category-zona-blanca","tag-cesar-morales-nino"],"jetpack_featured_media_url":"https:\/\/zonaroja.com.mx\/wp-content\/uploads\/2021\/08\/Cesar-Morales.jpg","jetpack_sharing_enabled":true,"_links":{"self":[{"href":"https:\/\/zonaroja.com.mx\/index.php?rest_route=\/wp\/v2\/posts\/30896","targetHints":{"allow":["GET"]}}],"collection":[{"href":"https:\/\/zonaroja.com.mx\/index.php?rest_route=\/wp\/v2\/posts"}],"about":[{"href":"https:\/\/zonaroja.com.mx\/index.php?rest_route=\/wp\/v2\/types\/post"}],"author":[{"embeddable":true,"href":"https:\/\/zonaroja.com.mx\/index.php?rest_route=\/wp\/v2\/users\/2"}],"replies":[{"embeddable":true,"href":"https:\/\/zonaroja.com.mx\/index.php?rest_route=%2Fwp%2Fv2%2Fcomments&post=30896"}],"version-history":[{"count":2,"href":"https:\/\/zonaroja.com.mx\/index.php?rest_route=\/wp\/v2\/posts\/30896\/revisions"}],"predecessor-version":[{"id":30902,"href":"https:\/\/zonaroja.com.mx\/index.php?rest_route=\/wp\/v2\/posts\/30896\/revisions\/30902"}],"wp:featuredmedia":[{"embeddable":true,"href":"https:\/\/zonaroja.com.mx\/index.php?rest_route=\/wp\/v2\/media\/30824"}],"wp:attachment":[{"href":"https:\/\/zonaroja.com.mx\/index.php?rest_route=%2Fwp%2Fv2%2Fmedia&parent=30896"}],"wp:term":[{"taxonomy":"category","embeddable":true,"href":"https:\/\/zonaroja.com.mx\/index.php?rest_route=%2Fwp%2Fv2%2Fcategories&post=30896"},{"taxonomy":"post_tag","embeddable":true,"href":"https:\/\/zonaroja.com.mx\/index.php?rest_route=%2Fwp%2Fv2%2Ftags&post=30896"}],"curies":[{"name":"wp","href":"https:\/\/api.w.org\/{rel}","templated":true}]}}