{"id":30898,"date":"2021-08-14T08:05:16","date_gmt":"2021-08-14T13:05:16","guid":{"rendered":"http:\/\/www.zonaroja.com.mx\/?p=30898"},"modified":"2021-08-14T08:05:19","modified_gmt":"2021-08-14T13:05:19","slug":"alarma-incremento-de-temperaturas-en-el-mundo-por-cambio-climatico","status":"publish","type":"post","link":"https:\/\/zonaroja.com.mx\/?p=30898","title":{"rendered":"Alarma incremento de temperaturas en el mundo, por cambio clim\u00e1tico"},"content":{"rendered":"\n<p>Redacci\u00f3n\/Zona Roja Cdmx.<\/p>\n\n\n\n<p>Ciudad de M\u00e9xico, 14 de agosto de 2021.- La Agencia Estadounidense de Administraci\u00f3n Oce\u00e1nica y Atmosf\u00e9rica (NOAA) report\u00f3 que julio pasado fue el mes m\u00e1s caluroso jam\u00e1s registrado a nivel mundial.<\/p>\n\n\n\n<p>Lo anterior, remarc\u00f3, pone de manifiesto la crisis clim\u00e1tica que vive el orden, debido a m\u00faltiples factores, entre ellos la creciente contaminaci\u00f3n y agontamiento de los recursos naturales.<\/p>\n\n\n\n<p>\u00abEste nuevo r\u00e9cord se suma a la inquietante y perturbadora trayectoria que el cambio clim\u00e1tico ha marcado para el planeta\u00bb inform\u00f3 este viernes, al referir datos de los Centros Nacionales de Informaci\u00f3n Ambiental.<\/p>\n\n\n\n<p>La agencia NOAA agreg\u00f3 que la temperatura combinada de la superficie terrestre y oce\u00e1nica fue de 1.67 grados Fahrenheit por encima de la media del siglo XX, de 60.4\u00b0F, lo que lo convierte en el julio m\u00e1s caliente desde que comenz\u00f3 el registro hace 142 a\u00f1os.<\/p>\n\n\n\n<p>El mes fue 0.02\u00b0F m\u00e1s alto que el r\u00e9cord anterior establecido en julio de 2016, que fue igualado en 2019 y 2020. Seg\u00fan datos del Servicio de Cambio Clim\u00e1tico Copernicus de la Uni\u00f3n Europea, el mes pasado fue el tercer julio m\u00e1s caluroso que se ha registrado.<\/p>\n\n\n\n<p>Es com\u00fan que las agencias tengan leves diferencias en los datos. La semana pasada, un informe de la ONU sobre el clima provoc\u00f3 impacto al indicar que el mundo se encamina hacia un aumento de temperatura de 1.5\u00b0C en torno a 2030.<\/p>\n\n\n\n<p>(Informaci\u00f3n de agencias)<\/p>\n","protected":false},"excerpt":{"rendered":"<p>Redacci\u00f3n\/Zona Roja Cdmx. Ciudad de M\u00e9xico, 14 de agosto de 2021.- La Agencia Estadounidense de&hellip;<\/p>\n","protected":false},"author":2,"featured_media":11569,"comment_status":"closed","ping_status":"open","sticky":false,"template":"","format":"standard","meta":{"_lmt_disableupdate":"","_lmt_disable":"","_jetpack_memberships_contains_paid_content":false,"footnotes":""},"categories":[109,47],"tags":[],"class_list":["post-30898","post","type-post","status-publish","format-standard","has-post-thumbnail","hentry","category-minuto-a-minuto","category-zona-gris"],"jetpack_featured_media_url":"https:\/\/zonaroja.com.mx\/wp-content\/uploads\/2020\/04\/Onda-de-calor.jpg","jetpack_sharing_enabled":true,"_links":{"self":[{"href":"https:\/\/zonaroja.com.mx\/index.php?rest_route=\/wp\/v2\/posts\/30898","targetHints":{"allow":["GET"]}}],"collection":[{"href":"https:\/\/zonaroja.com.mx\/index.php?rest_route=\/wp\/v2\/posts"}],"about":[{"href":"https:\/\/zonaroja.com.mx\/index.php?rest_route=\/wp\/v2\/types\/post"}],"author":[{"embeddable":true,"href":"https:\/\/zonaroja.com.mx\/index.php?rest_route=\/wp\/v2\/users\/2"}],"replies":[{"embeddable":true,"href":"https:\/\/zonaroja.com.mx\/index.php?rest_route=%2Fwp%2Fv2%2Fcomments&post=30898"}],"version-history":[{"count":1,"href":"https:\/\/zonaroja.com.mx\/index.php?rest_route=\/wp\/v2\/posts\/30898\/revisions"}],"predecessor-version":[{"id":30899,"href":"https:\/\/zonaroja.com.mx\/index.php?rest_route=\/wp\/v2\/posts\/30898\/revisions\/30899"}],"wp:featuredmedia":[{"embeddable":true,"href":"https:\/\/zonaroja.com.mx\/index.php?rest_route=\/wp\/v2\/media\/11569"}],"wp:attachment":[{"href":"https:\/\/zonaroja.com.mx\/index.php?rest_route=%2Fwp%2Fv2%2Fmedia&parent=30898"}],"wp:term":[{"taxonomy":"category","embeddable":true,"href":"https:\/\/zonaroja.com.mx\/index.php?rest_route=%2Fwp%2Fv2%2Fcategories&post=30898"},{"taxonomy":"post_tag","embeddable":true,"href":"https:\/\/zonaroja.com.mx\/index.php?rest_route=%2Fwp%2Fv2%2Ftags&post=30898"}],"curies":[{"name":"wp","href":"https:\/\/api.w.org\/{rel}","templated":true}]}}