{"id":3090,"date":"2019-08-14T18:55:40","date_gmt":"2019-08-14T23:55:40","guid":{"rendered":"http:\/\/www.zonaroja.com.mx\/?p=3090"},"modified":"2019-08-14T18:55:42","modified_gmt":"2019-08-14T23:55:42","slug":"por-segundo-dia-impide-seccion-22-actividades-del-sitem","status":"publish","type":"post","link":"https:\/\/zonaroja.com.mx\/?p=3090","title":{"rendered":"Por segundo d\u00eda, impide Secci\u00f3n 22 actividades del SITEM"},"content":{"rendered":"\n<p>Evlin Arag\u00f3n\/Zona\nRoja.<\/p>\n\n\n\n<p>Oaxaca de\nJu\u00e1rez, Oax., 14 de agosto de 2019.- Por segundo d\u00eda, integrantes de la Secci\u00f3n\n22 adherida a la Coordinadora Nacional de Trabajadores de la Educaci\u00f3n (CNTE)\nse movilizaron para impedir actividades de afiliados al Sindicato Independiente\nde Trabajadores de la Educaci\u00f3n de M\u00e9xico (SITEM).<\/p>\n\n\n\n<p>Este\nmi\u00e9rcoles efectuaron una marcha de la vialidad de acceso al fraccionamiento El\nRosario, en jurisdicci\u00f3n de San Sebasti\u00e1n Tutla, hacia un sal\u00f3n de usos\nm\u00faltiples en Santa Luc\u00eda del Camino, para reiterar su rechazo a la existencia a\nla delegaci\u00f3n en Oaxaca del SITEM, a quienes califican de espurios.<\/p>\n\n\n\n<p>De acuerdo\ncon la dirigencia de la gremial, el SITEM representando por Humberto Alcal\u00e1\nBetanzos, llevar\u00eda a cabo este d\u00eda su asamblea regional, raz\u00f3n por la que se\nhizo un llamado a la membres\u00eda adscrita a los Valles Centrales para impedir la\nactividad.<\/p>\n\n\n\n<p>Por ello\ndocentes de la gremial mayoritaria, encabezados por el secretario de\nOrganizaci\u00f3n, Genaro Mart\u00ednez Morales, salieron en marcha hacia el sitio en\ndonde presuntamente se llevar\u00eda a cabo la reuni\u00f3n, inmueble que ya hab\u00eda sido\ndespejado previamente ante la amenaza de movilizaci\u00f3n.<\/p>\n\n\n\n<p>Durante el\nmitin, Mart\u00ednez Morales manifest\u00f3 que no van a permitir el divisionismo del\nmagisterio oaxaque\u00f1o que ocasionan los \u201cespurios\u201d del SITEM y la Secci\u00f3n 59, y\nmucho menos permitir\u00e1n la creaci\u00f3n de m\u00f3dulos irregulares, estrategia que ha\nsido creada \u00fanicamente para tratar de desarticular al movimiento democr\u00e1tico.<\/p>\n\n\n\n<p>\u201cSabemos que\nlo que se busca es acabar con el movimiento magisterial, que muchas veces\nacompa\u00f1a a otras causas sociales, situaci\u00f3n que no es bien vista por los que\ntienen el poder\u201d, dijo.<\/p>\n\n\n\n<p>En este\nsentido cuestion\u00f3 que Humberto Alcal\u00e1 Betanzos, actual dirigente del SITEM,\nrepresentara previamente a la Secci\u00f3n 59 y antes a la 22, lo cual evidencia\n\u00fanicamente que se trata de intereses personales los que mueven al \u201ccharrismo\nsindical\u201d que busca debilitar al movimiento magisterial, a la par que advirti\u00f3\nse manifestaran en contra de los \u201cespurios\u201d las veces que sean necesarias.<\/p>\n\n\n\n<p>\u201cVamos a\nemprender una campa\u00f1a de persecuci\u00f3n en donde buscaremos eliminar estos m\u00f3dulos\nirregulares, as\u00ed como acciones para que se revisen la toma de nota que da\nsustento a los pseudosindicatos\u201d, sentenci\u00f3.<\/p>\n\n\n\n<p>Finalmente\nse\u00f1al\u00f3 que las condiciones actuales permiten la reorganizaci\u00f3n del magisterio,\npor lo que llam\u00f3 a la base trabajadora a responder de forma activa a los\nllamados de la dirigencia estatal.<\/p>\n\n\n\n<p>La v\u00edspera,\ndocentes del Istmo de Tehuantepec efectuaron una movilizaci\u00f3n similar en Ciudad\nIxtepec. Otras regiones del estado preparan tambi\u00e9n protestas en contra del\nSITEM.<\/p>\n","protected":false},"excerpt":{"rendered":"<p>Evlin Arag\u00f3n\/Zona Roja. Oaxaca de Ju\u00e1rez, Oax., 14 de agosto de 2019.- Por segundo d\u00eda,&hellip;<\/p>\n","protected":false},"author":2,"featured_media":3091,"comment_status":"closed","ping_status":"open","sticky":false,"template":"","format":"standard","meta":{"_lmt_disableupdate":"","_lmt_disable":"","_jetpack_memberships_contains_paid_content":false,"footnotes":""},"categories":[109,47],"tags":[312,552],"class_list":["post-3090","post","type-post","status-publish","format-standard","has-post-thumbnail","hentry","category-minuto-a-minuto","category-zona-gris","tag-seccion-22-del-snte","tag-sitem"],"jetpack_featured_media_url":"https:\/\/zonaroja.com.mx\/wp-content\/uploads\/2019\/08\/9aa1a8ee-878b-41c4-bbef-1fee9817a0fe.jpg","jetpack_sharing_enabled":true,"_links":{"self":[{"href":"https:\/\/zonaroja.com.mx\/index.php?rest_route=\/wp\/v2\/posts\/3090","targetHints":{"allow":["GET"]}}],"collection":[{"href":"https:\/\/zonaroja.com.mx\/index.php?rest_route=\/wp\/v2\/posts"}],"about":[{"href":"https:\/\/zonaroja.com.mx\/index.php?rest_route=\/wp\/v2\/types\/post"}],"author":[{"embeddable":true,"href":"https:\/\/zonaroja.com.mx\/index.php?rest_route=\/wp\/v2\/users\/2"}],"replies":[{"embeddable":true,"href":"https:\/\/zonaroja.com.mx\/index.php?rest_route=%2Fwp%2Fv2%2Fcomments&post=3090"}],"version-history":[{"count":1,"href":"https:\/\/zonaroja.com.mx\/index.php?rest_route=\/wp\/v2\/posts\/3090\/revisions"}],"predecessor-version":[{"id":3092,"href":"https:\/\/zonaroja.com.mx\/index.php?rest_route=\/wp\/v2\/posts\/3090\/revisions\/3092"}],"wp:featuredmedia":[{"embeddable":true,"href":"https:\/\/zonaroja.com.mx\/index.php?rest_route=\/wp\/v2\/media\/3091"}],"wp:attachment":[{"href":"https:\/\/zonaroja.com.mx\/index.php?rest_route=%2Fwp%2Fv2%2Fmedia&parent=3090"}],"wp:term":[{"taxonomy":"category","embeddable":true,"href":"https:\/\/zonaroja.com.mx\/index.php?rest_route=%2Fwp%2Fv2%2Fcategories&post=3090"},{"taxonomy":"post_tag","embeddable":true,"href":"https:\/\/zonaroja.com.mx\/index.php?rest_route=%2Fwp%2Fv2%2Ftags&post=3090"}],"curies":[{"name":"wp","href":"https:\/\/api.w.org\/{rel}","templated":true}]}}