{"id":30900,"date":"2021-08-14T08:07:49","date_gmt":"2021-08-14T13:07:49","guid":{"rendered":"http:\/\/www.zonaroja.com.mx\/?p=30900"},"modified":"2021-08-14T08:07:54","modified_gmt":"2021-08-14T13:07:54","slug":"recula-amlo-hay-libertad-para-regresar-a-clases-presenciales","status":"publish","type":"post","link":"https:\/\/zonaroja.com.mx\/?p=30900","title":{"rendered":"Recula AMLO: hay libertad para regresar a clases presenciales"},"content":{"rendered":"\n<p>Redacci\u00f3n\/Zona Roja Cdmx.<\/p>\n\n\n\n<p>Ciudad de M\u00e9xico, 14 de agosto de 2021.- El Presidente de M\u00e9xico, Andr\u00e9s Manuel L\u00f3pez Obrador, recul\u00f3 en su determinaci\u00f3n de un regreso obligatorio a clases presenciales, a partir del pr\u00f3ximo 30 de agosto, en que inicia el ciclo escolar 2021-2022.<\/p>\n\n\n\n<p>\u201cVamos a estar pendientes de que no se contagien los ni\u00f1os, si hay un contagio, que se le atienda r\u00e1pido, que se proteja a los dem\u00e1s y que se hagan pruebas, cuidarlos.<\/p>\n\n\n\n<p>\u201cTenemos que correr ciertos riesgos como todo en la vida. Imag\u00ednense, si no salimos porque nos puede pasar algo, nos vamos a quedar todo el tiempo ah\u00ed, encerrados\u201d, indic\u00f3 ayer en su conferencia de prensa.<\/p>\n\n\n\n<p>As\u00ed, el gobierno federal dej\u00f3 en libertad a los maestros del Sindicato Nacional de Trabajadores de la Educaci\u00f3n (SNTE) y de la Coordinadora Nacional de Trabajadores de la Educaci\u00f3n (CNTE) de regresar o no a clases presenciales en escuelas de todo el pa\u00eds.<\/p>\n\n\n\n<p>L\u00f3pez Obrador enfatiz\u00f3 que las escuelas se hab\u00edan mantenido cerradas porque los docentes no hab\u00edan sido vacunados, pero hasta hoy pr\u00e1cticamente la totalidad de los trabajadores de la educaci\u00f3n han sido inmunizados.<\/p>\n\n\n\n<p>Coment\u00f3 que se deben enfrentar las adversidades porque \u201clos caminos de la vida no son como imaginaba\u201d, haciendo referencia a la canci\u00f3n compuesta por Omar Geles.<\/p>\n\n\n\n<p>El Presidente sostuvo que existen protocolos sanitarios que proteger\u00e1n a los menores de edad contra Covid-19, de cara al retorno presencial.<\/p>\n\n\n\n<p>\u201cEs importante el regreso a clases presenciales porque la escuela, lo repito, es el segundo hogar. Los ni\u00f1os y adolescentes quieren que se regrese a clases, la mayor\u00eda de los padres de familia tambi\u00e9n. Vamos a cuidar a las ni\u00f1as y ni\u00f1os y hay medidas sanitarias, protocolos que se van a aplicar\u201d, dijo.<\/p>\n\n\n\n<p>Por su parte, la titular de la SEP, Delfina G\u00f3mez, indic\u00f3 que esta determinaci\u00f3n ya no se puede detener y que como Secretar\u00eda est\u00e1n obligados a dar y ofrecer a ni\u00f1as y ni\u00f1os el derecho a la educaci\u00f3n que va unido al de la salud. Resalt\u00f3 que hay un protocolo para cuidar a estudiantes.<\/p>\n","protected":false},"excerpt":{"rendered":"<p>Redacci\u00f3n\/Zona Roja Cdmx. Ciudad de M\u00e9xico, 14 de agosto de 2021.- El Presidente de M\u00e9xico,&hellip;<\/p>\n","protected":false},"author":2,"featured_media":9909,"comment_status":"closed","ping_status":"open","sticky":false,"template":"","format":"standard","meta":{"_lmt_disableupdate":"","_lmt_disable":"","_jetpack_memberships_contains_paid_content":false,"footnotes":""},"categories":[109,47],"tags":[143],"class_list":["post-30900","post","type-post","status-publish","format-standard","has-post-thumbnail","hentry","category-minuto-a-minuto","category-zona-gris","tag-andres-manuel-lopez-obrador"],"jetpack_featured_media_url":"https:\/\/zonaroja.com.mx\/wp-content\/uploads\/2020\/03\/Sal\u00f3n-de-clases-vac\u00edo.jpg","jetpack_sharing_enabled":true,"_links":{"self":[{"href":"https:\/\/zonaroja.com.mx\/index.php?rest_route=\/wp\/v2\/posts\/30900","targetHints":{"allow":["GET"]}}],"collection":[{"href":"https:\/\/zonaroja.com.mx\/index.php?rest_route=\/wp\/v2\/posts"}],"about":[{"href":"https:\/\/zonaroja.com.mx\/index.php?rest_route=\/wp\/v2\/types\/post"}],"author":[{"embeddable":true,"href":"https:\/\/zonaroja.com.mx\/index.php?rest_route=\/wp\/v2\/users\/2"}],"replies":[{"embeddable":true,"href":"https:\/\/zonaroja.com.mx\/index.php?rest_route=%2Fwp%2Fv2%2Fcomments&post=30900"}],"version-history":[{"count":1,"href":"https:\/\/zonaroja.com.mx\/index.php?rest_route=\/wp\/v2\/posts\/30900\/revisions"}],"predecessor-version":[{"id":30901,"href":"https:\/\/zonaroja.com.mx\/index.php?rest_route=\/wp\/v2\/posts\/30900\/revisions\/30901"}],"wp:featuredmedia":[{"embeddable":true,"href":"https:\/\/zonaroja.com.mx\/index.php?rest_route=\/wp\/v2\/media\/9909"}],"wp:attachment":[{"href":"https:\/\/zonaroja.com.mx\/index.php?rest_route=%2Fwp%2Fv2%2Fmedia&parent=30900"}],"wp:term":[{"taxonomy":"category","embeddable":true,"href":"https:\/\/zonaroja.com.mx\/index.php?rest_route=%2Fwp%2Fv2%2Fcategories&post=30900"},{"taxonomy":"post_tag","embeddable":true,"href":"https:\/\/zonaroja.com.mx\/index.php?rest_route=%2Fwp%2Fv2%2Ftags&post=30900"}],"curies":[{"name":"wp","href":"https:\/\/api.w.org\/{rel}","templated":true}]}}