{"id":30903,"date":"2021-08-14T11:43:20","date_gmt":"2021-08-14T16:43:20","guid":{"rendered":"http:\/\/www.zonaroja.com.mx\/?p=30903"},"modified":"2021-08-14T11:43:24","modified_gmt":"2021-08-14T16:43:24","slug":"y-no-hay-culpables-de-asesinato-de-joven-veracruzano-en-yucatan","status":"publish","type":"post","link":"https:\/\/zonaroja.com.mx\/?p=30903","title":{"rendered":"Y no hay culpables de asesinato de joven veracruzano en Yucat\u00e1n"},"content":{"rendered":"\n<p>Redacci\u00f3n\/Zona Roja Cdmx.<\/p>\n\n\n\n<p>Ciudad de M\u00e9xico, 14 de agosto de 2021.- Con la liberaci\u00f3n de los cuatro polic\u00edas de M\u00e9rida, Yucat\u00e1n, que fueron acusados de asesinar al joven veracruzano Jos\u00e9 Eduardo Ravelo Echavarr\u00eda, el caso sigue en la impunidad.<\/p>\n\n\n\n<p>Ayer y luego de m\u00e1s de siete horas de debate, el juez de control, Antonio Bonilla Casta\u00f1eda, determin\u00f3 que no fueron suficientes las pruebas que present\u00f3 la Fiscal\u00eda General del Estado en contra de los imputados.<\/p>\n\n\n\n<p>Por lo cual decret\u00f3 que no fueran vinculados a proceso y que fueran puestos en libertad de inmediato.<\/p>\n\n\n\n<p>Seg\u00fan el juez, el Ministerio P\u00fablico tiene que aportar m\u00e1s pruebas y que adem\u00e1s hubo contradicciones, entre ellas que los agresores podr\u00edan ser de otra corporaci\u00f3n y no los uniformados municipales.<\/p>\n\n\n\n<p>Por lo tanto, los homicidas podr\u00edan pertenecer a la polic\u00eda de la Secretar\u00eda de Seguridad P\u00fablica de Yucat\u00e1n.<\/p>\n\n\n\n<p>Sobre los videos que present\u00f3 la defensa de los polic\u00edas, que supuestamente acreditan&nbsp; su inocencia, el juez recalc\u00f3 que se analizaron de forma conjunta con otros datos de prueba presentados en la audiencia.<\/p>\n\n\n\n<p>Jos\u00e9 Eduardo falleci\u00f3 por los golpes que recibi\u00f3, adem\u00e1s de que fue torturado y v\u00edctima de violaci\u00f3n. En un principio se especul\u00f3 que los responsables eran dichos agentes municipales, ya que lo detuvieron el pasado 21 de julio y permaneci\u00f3 en los separos 24 horas.<\/p>\n","protected":false},"excerpt":{"rendered":"<p>Redacci\u00f3n\/Zona Roja Cdmx. Ciudad de M\u00e9xico, 14 de agosto de 2021.- Con la liberaci\u00f3n de&hellip;<\/p>\n","protected":false},"author":2,"featured_media":30904,"comment_status":"closed","ping_status":"open","sticky":false,"template":"","format":"standard","meta":{"_lmt_disableupdate":"","_lmt_disable":"","_jetpack_memberships_contains_paid_content":false,"footnotes":""},"categories":[109,47],"tags":[2849],"class_list":["post-30903","post","type-post","status-publish","format-standard","has-post-thumbnail","hentry","category-minuto-a-minuto","category-zona-gris","tag-jose-eduardo-ravelo-echabarria"],"jetpack_featured_media_url":"https:\/\/zonaroja.com.mx\/wp-content\/uploads\/2021\/08\/Liberan-policias-jose-Eduardo.jpg","jetpack_sharing_enabled":true,"_links":{"self":[{"href":"https:\/\/zonaroja.com.mx\/index.php?rest_route=\/wp\/v2\/posts\/30903","targetHints":{"allow":["GET"]}}],"collection":[{"href":"https:\/\/zonaroja.com.mx\/index.php?rest_route=\/wp\/v2\/posts"}],"about":[{"href":"https:\/\/zonaroja.com.mx\/index.php?rest_route=\/wp\/v2\/types\/post"}],"author":[{"embeddable":true,"href":"https:\/\/zonaroja.com.mx\/index.php?rest_route=\/wp\/v2\/users\/2"}],"replies":[{"embeddable":true,"href":"https:\/\/zonaroja.com.mx\/index.php?rest_route=%2Fwp%2Fv2%2Fcomments&post=30903"}],"version-history":[{"count":1,"href":"https:\/\/zonaroja.com.mx\/index.php?rest_route=\/wp\/v2\/posts\/30903\/revisions"}],"predecessor-version":[{"id":30905,"href":"https:\/\/zonaroja.com.mx\/index.php?rest_route=\/wp\/v2\/posts\/30903\/revisions\/30905"}],"wp:featuredmedia":[{"embeddable":true,"href":"https:\/\/zonaroja.com.mx\/index.php?rest_route=\/wp\/v2\/media\/30904"}],"wp:attachment":[{"href":"https:\/\/zonaroja.com.mx\/index.php?rest_route=%2Fwp%2Fv2%2Fmedia&parent=30903"}],"wp:term":[{"taxonomy":"category","embeddable":true,"href":"https:\/\/zonaroja.com.mx\/index.php?rest_route=%2Fwp%2Fv2%2Fcategories&post=30903"},{"taxonomy":"post_tag","embeddable":true,"href":"https:\/\/zonaroja.com.mx\/index.php?rest_route=%2Fwp%2Fv2%2Ftags&post=30903"}],"curies":[{"name":"wp","href":"https:\/\/api.w.org\/{rel}","templated":true}]}}