{"id":30914,"date":"2021-08-14T19:10:05","date_gmt":"2021-08-15T00:10:05","guid":{"rendered":"http:\/\/www.zonaroja.com.mx\/?p=30914"},"modified":"2021-08-14T19:10:10","modified_gmt":"2021-08-15T00:10:10","slug":"dan-prision-preventiva-a-presuntos-feminicidas-de-anciana-de-huautla","status":"publish","type":"post","link":"https:\/\/zonaroja.com.mx\/?p=30914","title":{"rendered":"Dan prisi\u00f3n preventiva a presuntos feminicidas de anciana de Huautla"},"content":{"rendered":"\n<p>Redacci\u00f3n\/Zona Roja.<\/p>\n\n\n\n<p>Oaxaca de Ju\u00e1rez, Oax., 14 de agosto de 2021.- El Juez de Control del Poder Judicial de Oaxaca determin\u00f3 vincular a proceso y enviar a prisi\u00f3n preventiva a dos personas del sexo masculino, a quienes se se\u00f1ala de probables autores del feminicidio de una anciana en Huautla de Jim\u00e9nez.<\/p>\n\n\n\n<p>En un comunicado, la Fiscal\u00eda General del Estado inform\u00f3 que se trata de los hermanos B. (Benito) P. C. y G. (Guillermo) P. C. probables responsables del delito de feminicidio en agravio de una mujer de la tercera edad, que en vida respondiera al nombre de A. (Angelina) R. C.<\/p>\n\n\n\n<p>De acuerdo con la carpeta de investigaci\u00f3n 26031\/FNSC\/HUAUTLA\/2021, el 6 de agosto de 2021, familiares de la v\u00edctima hallaron el cuerpo sin vida de la mujer en el interior de su domicilio, ubicado en inmediaciones del barrio Huate de Huautla de Jim\u00e9nez.<\/p>\n\n\n\n<p>Luego de la exhaustiva labor pericial por parte de la Fiscal\u00eda, se determin\u00f3 que la causa de la muerte de A. R. C. fue asfixia por obstrucci\u00f3n de v\u00edas a\u00e9reas superiores.<\/p>\n\n\n\n<p>Ante este hecho, la Instituci\u00f3n de procuraci\u00f3n de justicia inici\u00f3 la investigaci\u00f3n bajo el Protocolo Ministerial, Policial y Pericial del Delito de Feminicidio en el Estado de Oaxaca, logrando aprehender el pasado 9 de agosto a los dos probables responsables, quienes fueron presentados de manera inmediata ante el Juzgado de Control.<\/p>\n\n\n\n<p>En audiencia y tras validar los datos de prueba proporcionados por la Vicefiscal\u00eda General de Control Regional, el Juez en turno determin\u00f3 vincular a proceso a los hermanos B. P. C. y G. P. C., imponi\u00e9ndoles la medida cautelar de prisi\u00f3n preventiva oficiosa y otorg\u00f3 tres meses para el cierre de investigaci\u00f3n complementaria.<\/p>\n","protected":false},"excerpt":{"rendered":"<p>Redacci\u00f3n\/Zona Roja. Oaxaca de Ju\u00e1rez, Oax., 14 de agosto de 2021.- El Juez de Control&hellip;<\/p>\n","protected":false},"author":2,"featured_media":30713,"comment_status":"closed","ping_status":"open","sticky":false,"template":"","format":"standard","meta":{"_lmt_disableupdate":"","_lmt_disable":"","_jetpack_memberships_contains_paid_content":false,"footnotes":""},"categories":[109,47],"tags":[203],"class_list":["post-30914","post","type-post","status-publish","format-standard","has-post-thumbnail","hentry","category-minuto-a-minuto","category-zona-gris","tag-huautla-de-jimenez"],"jetpack_featured_media_url":"https:\/\/zonaroja.com.mx\/wp-content\/uploads\/2021\/08\/Feminicidio-Angelina-Huautla.jpg","jetpack_sharing_enabled":true,"_links":{"self":[{"href":"https:\/\/zonaroja.com.mx\/index.php?rest_route=\/wp\/v2\/posts\/30914","targetHints":{"allow":["GET"]}}],"collection":[{"href":"https:\/\/zonaroja.com.mx\/index.php?rest_route=\/wp\/v2\/posts"}],"about":[{"href":"https:\/\/zonaroja.com.mx\/index.php?rest_route=\/wp\/v2\/types\/post"}],"author":[{"embeddable":true,"href":"https:\/\/zonaroja.com.mx\/index.php?rest_route=\/wp\/v2\/users\/2"}],"replies":[{"embeddable":true,"href":"https:\/\/zonaroja.com.mx\/index.php?rest_route=%2Fwp%2Fv2%2Fcomments&post=30914"}],"version-history":[{"count":1,"href":"https:\/\/zonaroja.com.mx\/index.php?rest_route=\/wp\/v2\/posts\/30914\/revisions"}],"predecessor-version":[{"id":30915,"href":"https:\/\/zonaroja.com.mx\/index.php?rest_route=\/wp\/v2\/posts\/30914\/revisions\/30915"}],"wp:featuredmedia":[{"embeddable":true,"href":"https:\/\/zonaroja.com.mx\/index.php?rest_route=\/wp\/v2\/media\/30713"}],"wp:attachment":[{"href":"https:\/\/zonaroja.com.mx\/index.php?rest_route=%2Fwp%2Fv2%2Fmedia&parent=30914"}],"wp:term":[{"taxonomy":"category","embeddable":true,"href":"https:\/\/zonaroja.com.mx\/index.php?rest_route=%2Fwp%2Fv2%2Fcategories&post=30914"},{"taxonomy":"post_tag","embeddable":true,"href":"https:\/\/zonaroja.com.mx\/index.php?rest_route=%2Fwp%2Fv2%2Ftags&post=30914"}],"curies":[{"name":"wp","href":"https:\/\/api.w.org\/{rel}","templated":true}]}}