{"id":30922,"date":"2021-08-15T07:50:46","date_gmt":"2021-08-15T12:50:46","guid":{"rendered":"http:\/\/www.zonaroja.com.mx\/?p=30922"},"modified":"2021-08-15T07:50:48","modified_gmt":"2021-08-15T12:50:48","slug":"seis-menores-edad-y-tres-personas-adultas-sin-localizar-en-el-mes-de-agosto","status":"publish","type":"post","link":"https:\/\/zonaroja.com.mx\/?p=30922","title":{"rendered":"Seis menores edad y tres personas adultas, sin localizar en el mes de agosto"},"content":{"rendered":"\n<p>Evlin Arag\u00f3n\/Zona Roja.<\/p>\n\n\n\n<p>Oaxaca de Ju\u00e1rez, Oax., 15 de agosto de 2021.- Dos adolescentes fueron reportadas como desaparecidas en las \u00faltimas 24 horas en el estado de Oaxaca.<\/p>\n\n\n\n<p>Se trata de Jade L\u00f3pez Santiago, de 14 a\u00f1os de edad, quien sali\u00f3 de su domicilio el viernes 13 de agosto, en San Francisco Lachigol\u00f3, Tlacolula.<\/p>\n\n\n\n<p>Aquetzally Sayuri Mauro Garc\u00eda, de tan solo 11 a\u00f1os de edad, es otra menor de edad reportada como desaparecida en la entidad de oaxaque\u00f1a.<\/p>\n\n\n\n<p>As\u00ed lo refiere la Unidad de B\u00fasqueda de Personas Desaparecidas y No Localizadas (DNOL), dependiente de la Fiscal\u00eda General del Estado, que emiti\u00f3 una ficha para dar su paradero al ser vista por \u00faltima vez este viernes 13 de agosto en inmediaciones del municipio de la Villa de Zaachila.\u00a0<\/p>\n\n\n\n<p>La ni\u00f1a, que tiene como se\u00f1a particular un lunar en la nariz, viste blusa manga larga color negro con estampado de flores color rojo, pantal\u00f3n de mezclilla color azul marino y porta tenis color negro con blanco.<\/p>\n\n\n\n<p>A ella se une Sergio Omar Reyes Alonso, de 18 a\u00f1os de edad, quien fue visto por \u00faltima vez el pasado 11 de agosto en el municipio de San Pedro Ixtlahuaca; en la madrugada de este domingo, la DNOL lo report\u00f3 como localizado<\/p>\n\n\n\n<p>Un d\u00eda antes se report\u00f3 la desaparici\u00f3n de Dulce Vianey Ortiz Rangel, de 20 a\u00f1os de edad, cuyo \u00faltimo rastro fue en inmediaciones de la Villa de Etla, de acuerdo con su ficha de b\u00fasqueda vigente.&nbsp;<\/p>\n\n\n\n<p>Previamente se activ\u00f3 una Alerta Amber ante el reporte de desaparici\u00f3n del ni\u00f1o Giovani Bautista L\u00f3pez, de 12 a\u00f1os de edad, quien fue visto por \u00faltima vez el 09 de agosto en San Miguel Monteverde, localidad perteneciente al municipio de San Pedro y San Pablo Teposcolula.&nbsp;<\/p>\n\n\n\n<p>El 5 de agosto se perdi\u00f3 el rastro de Shunasi Rodr\u00edguez Ortiz, de 15 a\u00f1os de edad, quien fue vista por \u00faltima vez en la localidad Mojarra la Capilla, en Acatl\u00e1n de P\u00e9rez Figueroa. &nbsp;<\/p>\n\n\n\n<p>Mientras que el 3 de agosto, familiares de Karla Esmeralda Barrera Cruz, de 15 a\u00f1os de edad, reportaron su desaparici\u00f3n en Puerto Escondido, Oaxaca; mismo d\u00eda en el que fue visto por \u00faltima en Ocotl\u00e1n de Morelos, C\u00e9sar Israel Santiago Reyes, de 21 a\u00f1os.&nbsp;<\/p>\n\n\n\n<p>Finalmente, un d\u00eda antes se denunci\u00f3 la no localizaci\u00f3n de Natividad Alondra Z\u00e1rate Mart\u00ednez, de 14 a\u00f1os de edad, quien fue vista por \u00faltima vez en la colonia Miguel Hidalgo de la agencia de San Mart\u00edn Mexicapan, en el municipio de Oaxaca de Ju\u00e1rez.&nbsp;<\/p>\n","protected":false},"excerpt":{"rendered":"<p>Evlin Arag\u00f3n\/Zona Roja. Oaxaca de Ju\u00e1rez, Oax., 15 de agosto de 2021.- Dos adolescentes fueron&hellip;<\/p>\n","protected":false},"author":2,"featured_media":30923,"comment_status":"closed","ping_status":"open","sticky":false,"template":"","format":"standard","meta":{"_lmt_disableupdate":"","_lmt_disable":"","_jetpack_memberships_contains_paid_content":false,"footnotes":""},"categories":[109,47],"tags":[455],"class_list":["post-30922","post","type-post","status-publish","format-standard","has-post-thumbnail","hentry","category-minuto-a-minuto","category-zona-gris","tag-mujeres-desaparecidas-oaxaca"],"jetpack_featured_media_url":"https:\/\/zonaroja.com.mx\/wp-content\/uploads\/2021\/08\/Desaparecidas-Oaxaca-1.jpg","jetpack_sharing_enabled":true,"_links":{"self":[{"href":"https:\/\/zonaroja.com.mx\/index.php?rest_route=\/wp\/v2\/posts\/30922","targetHints":{"allow":["GET"]}}],"collection":[{"href":"https:\/\/zonaroja.com.mx\/index.php?rest_route=\/wp\/v2\/posts"}],"about":[{"href":"https:\/\/zonaroja.com.mx\/index.php?rest_route=\/wp\/v2\/types\/post"}],"author":[{"embeddable":true,"href":"https:\/\/zonaroja.com.mx\/index.php?rest_route=\/wp\/v2\/users\/2"}],"replies":[{"embeddable":true,"href":"https:\/\/zonaroja.com.mx\/index.php?rest_route=%2Fwp%2Fv2%2Fcomments&post=30922"}],"version-history":[{"count":1,"href":"https:\/\/zonaroja.com.mx\/index.php?rest_route=\/wp\/v2\/posts\/30922\/revisions"}],"predecessor-version":[{"id":30924,"href":"https:\/\/zonaroja.com.mx\/index.php?rest_route=\/wp\/v2\/posts\/30922\/revisions\/30924"}],"wp:featuredmedia":[{"embeddable":true,"href":"https:\/\/zonaroja.com.mx\/index.php?rest_route=\/wp\/v2\/media\/30923"}],"wp:attachment":[{"href":"https:\/\/zonaroja.com.mx\/index.php?rest_route=%2Fwp%2Fv2%2Fmedia&parent=30922"}],"wp:term":[{"taxonomy":"category","embeddable":true,"href":"https:\/\/zonaroja.com.mx\/index.php?rest_route=%2Fwp%2Fv2%2Fcategories&post=30922"},{"taxonomy":"post_tag","embeddable":true,"href":"https:\/\/zonaroja.com.mx\/index.php?rest_route=%2Fwp%2Fv2%2Ftags&post=30922"}],"curies":[{"name":"wp","href":"https:\/\/api.w.org\/{rel}","templated":true}]}}