{"id":30925,"date":"2021-08-15T07:54:22","date_gmt":"2021-08-15T12:54:22","guid":{"rendered":"http:\/\/www.zonaroja.com.mx\/?p=30925"},"modified":"2021-08-15T07:54:25","modified_gmt":"2021-08-15T12:54:25","slug":"insisten-en-libertad-para-presos-mazatecos-piden-intervencion-de-amlo","status":"publish","type":"post","link":"https:\/\/zonaroja.com.mx\/?p=30925","title":{"rendered":"Insisten en libertad para presos mazatecos; piden intervenci\u00f3n de AMLO"},"content":{"rendered":"\n<p>Evlin Arag\u00f3n\/Zona Roja.<\/p>\n\n\n\n<p>Oaxaca de Ju\u00e1rez, Oax., 15 de agosto de 2021.- Tras dos meses de haber iniciado una huelga de hambre a las afueras del Consejo de la Judicatura Federal en la Ciudad de M\u00e9xico, sin que su demanda de libertas a los presos pol\u00edticos sea escuchada, mujeres mazatecas originaria de Eloxochitl\u00e1n de Flores Mag\u00f3n enviaron una carta al Presidente de la Rep\u00fablica, Andr\u00e9s Manuel L\u00f3pez Obrador, a fin de solicitar su intervenci\u00f3n.&nbsp;<\/p>\n\n\n\n<p>Recientemente, el mandatario federal anunci\u00f3 el beneficio de amnist\u00eda por decreto presidencial para persona que no haya cometido delitos graves o se encuentren en prisi\u00f3n tras ser obligados a declararse culpables, sin embargo, en este caso las mujeres aseguran que sus familiares han probado que est\u00e1n en prisi\u00f3n de manera injusta y por fallas en el Sistema Penal.&nbsp;<\/p>\n\n\n\n<p>\u201cPedimos a usted se\u00f1or Presidente, para el caso de los preso mazatecos Herminio Bonfil Avenda\u00f1o, Jaime Betanzos Fuentes, mayores de 65 a\u00f1os y sobrevivientes a la pandemia; Fernando Gavito Mart\u00ednez, Alfredo Bola\u00f1os Pacheco, Isa\u00edas Gallardo \u00c1lvarez, Omar Hugo Morales \u00c1lvarez, y Francisco Dur\u00e1n Ortiz, haga un llamado al Poder Judicial de la Federaci\u00f3n y al Poder Judicial del Estado de Oaxaca a fin de que cumplan con su deber de hacer justicia y el deber de otorgarles libertad por estar demostrada su inocencia\u201d, manifest\u00f3 Argelia Betanzos.<\/p>\n\n\n\n<p>La tambi\u00e9n abogada explic\u00f3 que la inocencia de los hoy presos pol\u00edticos est\u00e1 debidamente corroborada con 20 antecedentes de libertad, por lo que pidi\u00f3 al mandatario federal que, de ser necesario, su llamado a la autoridad judicial se convierta en decreto urgente.<\/p>\n\n\n\n<p>Detall\u00f3 que los casos de los siete presos mazatecos han recorrido el camino jur\u00eddico respectivo en el cual han encontrado una dilaci\u00f3n injustificada y agobiante; aun as\u00ed, han concluido en que deber\u00edan darles libertad ya que se ha probado la inocencia de las personas acusadas de delitos que no cometieron.&nbsp;<\/p>\n\n\n\n<p>As\u00ed mismo, record\u00f3 que, desde diciembre del 2018, el Senado de la Rep\u00fablica los calific\u00f3 como personas injustamente presas o presos pol\u00edticos, no obstante, durante la pandemia cuando deb\u00edan ser absueltos, el Poder Judicial pervirti\u00f3 el sendero legal ya contaminado y lo convirti\u00f3 en un laberinto, casi en un callej\u00f3n sin salida, neg\u00e1ndoles lo que antes hab\u00eda reconocido.&nbsp;<\/p>\n\n\n\n<p>Argelia Betanzos dio a conocer que a partir de este 12 de agosto empez\u00f3 el t\u00e9rmino para que un Tribunal Colegiado Federal con sede Oaxaca le informe si otorgar\u00e1 o no el amparo a favor de los mazatecos, a quienes se le ha prolongado la injusta prisi\u00f3n por dos a\u00f1os m\u00e1s.&nbsp;<\/p>\n\n\n\n<p>De ah\u00ed que pidi\u00f3 al mandatario federal preguntarle al gobernador de Oaxaca, Alejandro Murat, porqu\u00e9 siguen presos los siete mazatecos de Eloxochitl\u00e1n de Flores Mag\u00f3n, adem\u00e1s de plantearle su responsabilidad de hacer justicia a personas que ya han probado su inocencia y aun as\u00ed permanecen en prisi\u00f3n.&nbsp;<\/p>\n\n\n\n<p>Y es que insisti\u00f3 en que la acusaci\u00f3n de tentativa de homicidio ya se gan\u00f3 muchas veces, la \u00faltima la gan\u00f3 Alfredo Bola\u00f1os Pacheco, en febrero de 2019, cuya resoluci\u00f3n reconoci\u00f3 que no se acredita el delito, de ah\u00ed que no se explican porque hay personas que se encuentran todav\u00eda en prisi\u00f3n.<\/p>\n\n\n\n<p>\u201cNosotras, las mujeres mazatecas, al igual que usted se\u00f1or presidente, aborrecemos la prisi\u00f3n injusta, declaramos su gravedad y la urgencia de abolirla en M\u00e9xico y en cualquier parte del mundo\u2026Libertad inmediata para nuestros presos mazatecos de Eloxochitl\u00e1n de Flores Mag\u00f3n\u201d, sentenci\u00f3.&nbsp;<\/p>\n","protected":false},"excerpt":{"rendered":"<p>Evlin Arag\u00f3n\/Zona Roja. Oaxaca de Ju\u00e1rez, Oax., 15 de agosto de 2021.- Tras dos meses&hellip;<\/p>\n","protected":false},"author":2,"featured_media":30926,"comment_status":"closed","ping_status":"open","sticky":false,"template":"","format":"standard","meta":{"_lmt_disableupdate":"","_lmt_disable":"","_jetpack_memberships_contains_paid_content":false,"footnotes":""},"categories":[109,47],"tags":[719],"class_list":["post-30925","post","type-post","status-publish","format-standard","has-post-thumbnail","hentry","category-minuto-a-minuto","category-zona-gris","tag-eloxochitlan-de-flores-magon"],"jetpack_featured_media_url":"https:\/\/zonaroja.com.mx\/wp-content\/uploads\/2021\/08\/Victimas-Eloxochitlan.jpg","jetpack_sharing_enabled":true,"_links":{"self":[{"href":"https:\/\/zonaroja.com.mx\/index.php?rest_route=\/wp\/v2\/posts\/30925","targetHints":{"allow":["GET"]}}],"collection":[{"href":"https:\/\/zonaroja.com.mx\/index.php?rest_route=\/wp\/v2\/posts"}],"about":[{"href":"https:\/\/zonaroja.com.mx\/index.php?rest_route=\/wp\/v2\/types\/post"}],"author":[{"embeddable":true,"href":"https:\/\/zonaroja.com.mx\/index.php?rest_route=\/wp\/v2\/users\/2"}],"replies":[{"embeddable":true,"href":"https:\/\/zonaroja.com.mx\/index.php?rest_route=%2Fwp%2Fv2%2Fcomments&post=30925"}],"version-history":[{"count":1,"href":"https:\/\/zonaroja.com.mx\/index.php?rest_route=\/wp\/v2\/posts\/30925\/revisions"}],"predecessor-version":[{"id":30927,"href":"https:\/\/zonaroja.com.mx\/index.php?rest_route=\/wp\/v2\/posts\/30925\/revisions\/30927"}],"wp:featuredmedia":[{"embeddable":true,"href":"https:\/\/zonaroja.com.mx\/index.php?rest_route=\/wp\/v2\/media\/30926"}],"wp:attachment":[{"href":"https:\/\/zonaroja.com.mx\/index.php?rest_route=%2Fwp%2Fv2%2Fmedia&parent=30925"}],"wp:term":[{"taxonomy":"category","embeddable":true,"href":"https:\/\/zonaroja.com.mx\/index.php?rest_route=%2Fwp%2Fv2%2Fcategories&post=30925"},{"taxonomy":"post_tag","embeddable":true,"href":"https:\/\/zonaroja.com.mx\/index.php?rest_route=%2Fwp%2Fv2%2Ftags&post=30925"}],"curies":[{"name":"wp","href":"https:\/\/api.w.org\/{rel}","templated":true}]}}