{"id":3093,"date":"2019-08-14T20:31:49","date_gmt":"2019-08-15T01:31:49","guid":{"rendered":"http:\/\/www.zonaroja.com.mx\/?p=3093"},"modified":"2019-08-14T20:31:52","modified_gmt":"2019-08-15T01:31:52","slug":"avala-amlo-pacto-oaxaca-para-el-desarrollo-del-sur-sureste","status":"publish","type":"post","link":"https:\/\/zonaroja.com.mx\/?p=3093","title":{"rendered":"Avala AMLO \u201cPacto Oaxaca\u201d para el desarrollo del sur-sureste"},"content":{"rendered":"\n<p>Evlin\nArag\u00f3n\/Zona Roja.<\/p>\n\n\n\n<p>Oaxaca de\nJu\u00e1rez, Oax., 14 de agosto de 2019.- En el marco de la reuni\u00f3n de Conferencia\nNacional de Gobernadores que se llev\u00f3 a cabo este mi\u00e9rcoles en la entidad\noaxaque\u00f1a, nueve mandatarios de estados del sur-sureste del pa\u00eds firmaron el \u201cPacto\npor Oaxaca\u201d, con el que se pretende detonar el desarrollo industrial, econ\u00f3mico\ny educativo de esta zona del pa\u00eds.<\/p>\n\n\n\n<p>El documento\nfue signado como testigo de honor por el Presidente de la Rep\u00fablica, Andr\u00e9s\nManuel L\u00f3pez Obrador, quien asegur\u00f3 que es fundamental potenciar el desarrollo\nde la regi\u00f3n que desafortunadamente se ha visto rezagado en comparaci\u00f3n con el\ncentro y norte del pa\u00eds.&nbsp; <\/p>\n\n\n\n<p>\u201cPara el crecimiento del sureste necesitamos la participaci\u00f3n del sector privado, social y p\u00fablico y ya hay proyectos muy importantes para detonar el desarrollo como son el Tren Maya, la reactivaci\u00f3n en la industria petrolera, el desarrollo del Istmo de Tehuantepec y el aprovechamiento responsable de los recursos naturales\u201d, dijo el mandatario federal.<\/p>\n\n\n\n<figure class=\"wp-block-embed-twitter wp-block-embed is-type-rich is-provider-twitter\"><div class=\"wp-block-embed__wrapper\">\n<div class=\"twitter-tweet\"><blockquote class=\"twitter-tweet\" data-lang=\"es\"><p lang=\"es\" dir=\"ltr\">Ahora s\u00ed va el desarrollo de Oaxaca con el proyecto trans\u00edstmico, asegur\u00f3 hoy el Presidente <a href=\"https:\/\/twitter.com\/lopezobrador_?ref_src=twsrc%5Etfw\">@lopezobrador_<\/a> durante su visita a esta entidad, para firmar como testigo de honor un pacto entre nueve mandatarios y el sector empresarial. <a href=\"https:\/\/t.co\/h9lGfbGMpF\">pic.twitter.com\/h9lGfbGMpF<\/a><\/p>&mdash; Zona Roja Oaxaca (@MexRoja) <a href=\"https:\/\/twitter.com\/MexRoja\/status\/1161743826349973506?ref_src=twsrc%5Etfw\">14 de agosto de 2019<\/a><\/blockquote><\/div>\n<\/div><\/figure>\n\n\n\n<p>De igual\nforma, indic\u00f3 que su administraci\u00f3n busca lograr un crecimiento del cuatro por\nciento del Producto Interno Bruto (PIB) en M\u00e9xico, por lo que es fundamental\nimpulsar el desarrollo de las zonas que hist\u00f3ricamente han estado abandonadas,\ncomo lo es el sur del pa\u00eds. <\/p>\n\n\n\n<p>Por su parte,\nel gobernador de Oaxaca, Alejandro Murat Hinojosa celebr\u00f3 el respaldo que la\nFederaci\u00f3n ha brindado a la entidad y a la zona sur-sureste, con intenci\u00f3n de\ncrecer en igualdad de condiciones y dejando a un lado la desigualdad hist\u00f3rica\nentre el norte y el sur. <\/p>\n\n\n\n<p>Los mandatarios firmantes del pacto fueron Mauricio Vila Dosal, de Yucat\u00e1n; H\u00e9ctor Astudillo Flores, de Guerrero; Carlos Aysa Gonz\u00e1lez, de Campeche; Carlos Manuel Joaqu\u00edn Gonz\u00e1lez, de Quintana Roo; y Rutilio Escand\u00f3n Cadenas de Chiapas.<\/p>\n\n\n\n<figure class=\"wp-block-embed-twitter wp-block-embed is-type-rich is-provider-twitter\"><div class=\"wp-block-embed__wrapper\">\n<div class=\"twitter-tweet\"><blockquote class=\"twitter-tweet\" data-lang=\"es\"><p lang=\"es\" dir=\"ltr\"><a href=\"https:\/\/twitter.com\/hashtag\/OaxacaRosa?src=hash&amp;ref_src=twsrc%5Etfw\">#OaxacaRosa<\/a><br>El estado de <a href=\"https:\/\/twitter.com\/hashtag\/Oaxaca?src=hash&amp;ref_src=twsrc%5Etfw\">#Oaxaca<\/a> es sede de la reuni\u00f3n de mandatarios de la regi\u00f3n sur-sureste del pa\u00eds, aglutinados en la <a href=\"https:\/\/twitter.com\/CONAGO_oficial?ref_src=twsrc%5Etfw\">@CONAGO_oficial<\/a>, cuyo anfitri\u00f3n es el mandatario <a href=\"https:\/\/twitter.com\/alejandromurat?ref_src=twsrc%5Etfw\">@alejandromurat<\/a>. Se realiza en el Centro Cultural y de Convenciones, Santa Luc\u00eda del Camino. <a href=\"https:\/\/t.co\/AJL60nOutN\">pic.twitter.com\/AJL60nOutN<\/a><\/p>&mdash; Zona Roja Oaxaca (@MexRoja) <a href=\"https:\/\/twitter.com\/MexRoja\/status\/1161679751729299456?ref_src=twsrc%5Etfw\">14 de agosto de 2019<\/a><\/blockquote><\/div>\n<\/div><\/figure>\n\n\n\n<p>Adem\u00e1s del\ngobernador de Veracruz, Cuitl\u00e1huac Garc\u00eda Jim\u00e9nez; de Puebla, Miguel Barbosa;\nde Tabasco, Ad\u00e1n Augusto L\u00f3pez; as\u00ed como Alejandro Murat Hinojosa, de Oaxaca.<\/p>\n\n\n\n<p>El encuentro\nde mandatarios inici\u00f3 desde las nueve de la ma\u00f1ana en el Centro Cultural y de\nConvenciones, ubicado en jurisdicci\u00f3n del municipio de Santa Luc\u00eda del Camino,\ny cont\u00f3 con la presencia de media decena de secretarios del gabinete federal,\nas\u00ed como l\u00edderes empresariales y sindicales del pa\u00eds.<\/p>\n","protected":false},"excerpt":{"rendered":"<p>Evlin Arag\u00f3n\/Zona Roja. Oaxaca de Ju\u00e1rez, Oax., 14 de agosto de 2019.- En el marco&hellip;<\/p>\n","protected":false},"author":2,"featured_media":3094,"comment_status":"closed","ping_status":"open","sticky":false,"template":"","format":"standard","meta":{"_lmt_disableupdate":"","_lmt_disable":"","_jetpack_memberships_contains_paid_content":false,"footnotes":""},"categories":[109,47],"tags":[143,554],"class_list":["post-3093","post","type-post","status-publish","format-standard","has-post-thumbnail","hentry","category-minuto-a-minuto","category-zona-gris","tag-andres-manuel-lopez-obrador","tag-pacto-por-oaxaca"],"jetpack_featured_media_url":"https:\/\/zonaroja.com.mx\/wp-content\/uploads\/2019\/08\/AMLO-Centro-de-Convenciones.jpg","jetpack_sharing_enabled":true,"_links":{"self":[{"href":"https:\/\/zonaroja.com.mx\/index.php?rest_route=\/wp\/v2\/posts\/3093","targetHints":{"allow":["GET"]}}],"collection":[{"href":"https:\/\/zonaroja.com.mx\/index.php?rest_route=\/wp\/v2\/posts"}],"about":[{"href":"https:\/\/zonaroja.com.mx\/index.php?rest_route=\/wp\/v2\/types\/post"}],"author":[{"embeddable":true,"href":"https:\/\/zonaroja.com.mx\/index.php?rest_route=\/wp\/v2\/users\/2"}],"replies":[{"embeddable":true,"href":"https:\/\/zonaroja.com.mx\/index.php?rest_route=%2Fwp%2Fv2%2Fcomments&post=3093"}],"version-history":[{"count":1,"href":"https:\/\/zonaroja.com.mx\/index.php?rest_route=\/wp\/v2\/posts\/3093\/revisions"}],"predecessor-version":[{"id":3095,"href":"https:\/\/zonaroja.com.mx\/index.php?rest_route=\/wp\/v2\/posts\/3093\/revisions\/3095"}],"wp:featuredmedia":[{"embeddable":true,"href":"https:\/\/zonaroja.com.mx\/index.php?rest_route=\/wp\/v2\/media\/3094"}],"wp:attachment":[{"href":"https:\/\/zonaroja.com.mx\/index.php?rest_route=%2Fwp%2Fv2%2Fmedia&parent=3093"}],"wp:term":[{"taxonomy":"category","embeddable":true,"href":"https:\/\/zonaroja.com.mx\/index.php?rest_route=%2Fwp%2Fv2%2Fcategories&post=3093"},{"taxonomy":"post_tag","embeddable":true,"href":"https:\/\/zonaroja.com.mx\/index.php?rest_route=%2Fwp%2Fv2%2Ftags&post=3093"}],"curies":[{"name":"wp","href":"https:\/\/api.w.org\/{rel}","templated":true}]}}