{"id":30936,"date":"2021-08-15T15:14:13","date_gmt":"2021-08-15T20:14:13","guid":{"rendered":"http:\/\/www.zonaroja.com.mx\/?p=30936"},"modified":"2021-08-15T15:14:17","modified_gmt":"2021-08-15T20:14:17","slug":"suman-724-personas-fallecidas-por-terremoto-de-ayer-en-haiti","status":"publish","type":"post","link":"https:\/\/zonaroja.com.mx\/?p=30936","title":{"rendered":"Suman 724 personas fallecidas por terremoto de ayer en Hait\u00ed"},"content":{"rendered":"\n<p>Redacci\u00f3n\/Zona Roja Cdmx.<\/p>\n\n\n\n<p>Ciudad de M\u00e9xico, 15 de agosto de 2021.- A poco m\u00e1s de 24 horas del terremoto de magnitud 7.2, ya suman 724 personas las fallecidas en Hait\u00ed, de acuerdo con autoridades de esa naci\u00f3n caribe\u00f1a.<\/p>\n\n\n\n<p>Asimismo, m\u00e1s de dos mil 800 personas resultaron heridas en el movimiento tel\u00farico que se registr\u00f3 el s\u00e1bado por la ma\u00f1ana.<\/p>\n\n\n\n<p>El sismo tuvo epicentro a 160 kil\u00f3metros del centro de Puerto Pr\u00edncipe, por lo que ayer tras el fen\u00f3meno, se activ\u00f3 la alerta de tsunami, inform\u00f3 el Servicio Geol\u00f3gico de Estados Unidos.&nbsp;<\/p>\n\n\n\n<p>El suroeste de Hait\u00ed fue el m\u00e1s afectado, sobre todo la regi\u00f3n de la ciudad de Les Cayes y sus alrededores, seg\u00fan informaci\u00f3n de autoridades de protecci\u00f3n civil.<\/p>\n\n\n\n<p>El terremoto arras\u00f3 cientos de hogares en el empobrecido pa\u00eds, que todav\u00eda se est\u00e1 recuperando del gran sismo que lo afect\u00f3 hace 11 a\u00f1os.<\/p>\n\n\n\n<p>Iglesias, hoteles, hospitales y colegios quedaron gravemente da\u00f1ados o destruidos, mientras que los muros de una prisi\u00f3n se resquebrajaron por los violentos movimientos s\u00edsmicos que convulsionaron Hait\u00ed. \u200b\u200b<\/p>\n\n\n\n<p>En el Vaticano, el Papa Francisco inst\u00f3 a las naciones a enviar ayuda r\u00e1pida. \u00abQue la solidaridad de todos alivie las consecuencias de la tragedia\u00bb, dijo a los peregrinos y turistas en su bendici\u00f3n dominical en la Plaza de San Pedro.<\/p>\n\n\n\n<p>(Con informaci\u00f3n de \u201cMilenio\u201d y agencias internacionales)<\/p>\n","protected":false},"excerpt":{"rendered":"<p>Redacci\u00f3n\/Zona Roja Cdmx. Ciudad de M\u00e9xico, 15 de agosto de 2021.- A poco m\u00e1s de&hellip;<\/p>\n","protected":false},"author":2,"featured_media":30937,"comment_status":"closed","ping_status":"open","sticky":false,"template":"","format":"standard","meta":{"_lmt_disableupdate":"","_lmt_disable":"","_jetpack_memberships_contains_paid_content":false,"footnotes":""},"categories":[109,47],"tags":[2850],"class_list":["post-30936","post","type-post","status-publish","format-standard","has-post-thumbnail","hentry","category-minuto-a-minuto","category-zona-gris","tag-terremoto-haiti"],"jetpack_featured_media_url":"https:\/\/zonaroja.com.mx\/wp-content\/uploads\/2021\/08\/Terremoto-Haiti.jpg","jetpack_sharing_enabled":true,"_links":{"self":[{"href":"https:\/\/zonaroja.com.mx\/index.php?rest_route=\/wp\/v2\/posts\/30936","targetHints":{"allow":["GET"]}}],"collection":[{"href":"https:\/\/zonaroja.com.mx\/index.php?rest_route=\/wp\/v2\/posts"}],"about":[{"href":"https:\/\/zonaroja.com.mx\/index.php?rest_route=\/wp\/v2\/types\/post"}],"author":[{"embeddable":true,"href":"https:\/\/zonaroja.com.mx\/index.php?rest_route=\/wp\/v2\/users\/2"}],"replies":[{"embeddable":true,"href":"https:\/\/zonaroja.com.mx\/index.php?rest_route=%2Fwp%2Fv2%2Fcomments&post=30936"}],"version-history":[{"count":1,"href":"https:\/\/zonaroja.com.mx\/index.php?rest_route=\/wp\/v2\/posts\/30936\/revisions"}],"predecessor-version":[{"id":30938,"href":"https:\/\/zonaroja.com.mx\/index.php?rest_route=\/wp\/v2\/posts\/30936\/revisions\/30938"}],"wp:featuredmedia":[{"embeddable":true,"href":"https:\/\/zonaroja.com.mx\/index.php?rest_route=\/wp\/v2\/media\/30937"}],"wp:attachment":[{"href":"https:\/\/zonaroja.com.mx\/index.php?rest_route=%2Fwp%2Fv2%2Fmedia&parent=30936"}],"wp:term":[{"taxonomy":"category","embeddable":true,"href":"https:\/\/zonaroja.com.mx\/index.php?rest_route=%2Fwp%2Fv2%2Fcategories&post=30936"},{"taxonomy":"post_tag","embeddable":true,"href":"https:\/\/zonaroja.com.mx\/index.php?rest_route=%2Fwp%2Fv2%2Ftags&post=30936"}],"curies":[{"name":"wp","href":"https:\/\/api.w.org\/{rel}","templated":true}]}}