{"id":30940,"date":"2021-08-15T16:15:00","date_gmt":"2021-08-15T21:15:00","guid":{"rendered":"http:\/\/www.zonaroja.com.mx\/?p=30940"},"modified":"2021-08-15T16:15:03","modified_gmt":"2021-08-15T21:15:03","slug":"destaca-oaxaquena-por-promover-cultura-indigena-y-cuidado-del-ambiente","status":"publish","type":"post","link":"https:\/\/zonaroja.com.mx\/?p=30940","title":{"rendered":"Destaca oaxaque\u00f1a por promover cultura ind\u00edgena y cuidado del ambiente"},"content":{"rendered":"\n<p>Redacci\u00f3n\/Zona Roja.<\/p>\n\n\n\n<p>Oaxaca de Ju\u00e1rez, Oax., 15 de agosto de 2021.- La oaxaque\u00f1a Mitzy Violeta Cort\u00e9s, originaria de la regi\u00f3n Mixteca, fue reconocida este a\u00f1o como \u201cEmbajadora por un D\u00eda\u201d, por promover la cultura de los pueblos ind\u00edgenas, as\u00ed como la preservaci\u00f3n del ambiente.<\/p>\n\n\n\n<p>La joven es originaria del municipio de San Sebasti\u00e1n Tecomaxtlahuaca y fue seleccionada este a\u00f1o por la Embajada Brit\u00e1nica en M\u00e9xico para acompa\u00f1ar a la entonces embajadora Corin Robertson en sus actividades diplom\u00e1ticas.<\/p>\n\n\n\n<p>Es egresada de Ciencias Pol\u00edticas y Administraci\u00f3n P\u00fablica de la UNAM, tiene 22 a\u00f1os de edad y cre\u00f3 junto con sus compa\u00f1eros una asociaci\u00f3n civil denominada MILPA.<\/p>\n\n\n\n<p>Ha participado tambi\u00e9n en el Foro Mundial Universitario sobre el Clima, promovido por la Universidad de Yale, con el objetivo de empoderar a los estudiantes interesados en realizar acciones a favor del planeta.<\/p>\n\n\n\n<p>\u00abTienes que pensar en pol\u00edticas respecto al cambio clim\u00e1tico para dar respuesta a los problemas ambientales, pero no se puede pasar por encima de los derechos colectivos de los pueblos\u00bb, declar\u00f3 recientemente a los medios de comunicaci\u00f3n de la capital del pa\u00eds.<\/p>\n\n\n\n<p>A trav\u00e9s de MILPA, incentiva, la participaci\u00f3n de los pueblos originarios, en especial de sus mujeres, en la toma de decisiones de la pol\u00edtica clim\u00e1tica del pa\u00eds.<\/p>\n\n\n\n<p>Buscan adem\u00e1s reformar la Ley General de Cambio Clim\u00e1tico para que dentro del Consejo de Cambio Clim\u00e1tico (C3), \u00f3rgano de asesor\u00eda del gobierno, se tomen en cuenta a los ind\u00edgenas.<\/p>\n\n\n\n<p>Rechaza asimismo los proyectos mineros en las comunidades ind\u00edgenas de M\u00e9xico, debido a que contaminan r\u00edos y quitan el agua a la poblaci\u00f3n, adem\u00e1s de que no dejan beneficios directos a la gente.<\/p>\n\n\n\n<p>Al ser \u00abEmbajadora por un D\u00eda\u00bb, Mitzy Violeta Cort\u00e9s se reuni\u00f3 en cuatro ocasiones con Robertson, una de ellas en la Ciudad de M\u00e9xico.<\/p>\n\n\n\n<p>Tambi\u00e9n convers\u00f3 con emprendedores, los equipos de cambio clim\u00e1tico y g\u00e9nero de la Embajada, y ex becarios de Chevening, programa que ofrece Reino Unido para estudiar una maestr\u00eda sin costo en universidades brit\u00e1nicas.<\/p>\n","protected":false},"excerpt":{"rendered":"<p>Redacci\u00f3n\/Zona Roja. Oaxaca de Ju\u00e1rez, Oax., 15 de agosto de 2021.- La oaxaque\u00f1a Mitzy Violeta&hellip;<\/p>\n","protected":false},"author":2,"featured_media":30941,"comment_status":"closed","ping_status":"open","sticky":false,"template":"","format":"standard","meta":{"_lmt_disableupdate":"","_lmt_disable":"","_jetpack_memberships_contains_paid_content":false,"footnotes":""},"categories":[109,46],"tags":[2851],"class_list":["post-30940","post","type-post","status-publish","format-standard","has-post-thumbnail","hentry","category-minuto-a-minuto","category-zona-blanca","tag-mitzy-violeta-cortes"],"jetpack_featured_media_url":"https:\/\/zonaroja.com.mx\/wp-content\/uploads\/2021\/08\/Mitzy-Cortes-Guzman.jpg","jetpack_sharing_enabled":true,"_links":{"self":[{"href":"https:\/\/zonaroja.com.mx\/index.php?rest_route=\/wp\/v2\/posts\/30940","targetHints":{"allow":["GET"]}}],"collection":[{"href":"https:\/\/zonaroja.com.mx\/index.php?rest_route=\/wp\/v2\/posts"}],"about":[{"href":"https:\/\/zonaroja.com.mx\/index.php?rest_route=\/wp\/v2\/types\/post"}],"author":[{"embeddable":true,"href":"https:\/\/zonaroja.com.mx\/index.php?rest_route=\/wp\/v2\/users\/2"}],"replies":[{"embeddable":true,"href":"https:\/\/zonaroja.com.mx\/index.php?rest_route=%2Fwp%2Fv2%2Fcomments&post=30940"}],"version-history":[{"count":1,"href":"https:\/\/zonaroja.com.mx\/index.php?rest_route=\/wp\/v2\/posts\/30940\/revisions"}],"predecessor-version":[{"id":30942,"href":"https:\/\/zonaroja.com.mx\/index.php?rest_route=\/wp\/v2\/posts\/30940\/revisions\/30942"}],"wp:featuredmedia":[{"embeddable":true,"href":"https:\/\/zonaroja.com.mx\/index.php?rest_route=\/wp\/v2\/media\/30941"}],"wp:attachment":[{"href":"https:\/\/zonaroja.com.mx\/index.php?rest_route=%2Fwp%2Fv2%2Fmedia&parent=30940"}],"wp:term":[{"taxonomy":"category","embeddable":true,"href":"https:\/\/zonaroja.com.mx\/index.php?rest_route=%2Fwp%2Fv2%2Fcategories&post=30940"},{"taxonomy":"post_tag","embeddable":true,"href":"https:\/\/zonaroja.com.mx\/index.php?rest_route=%2Fwp%2Fv2%2Ftags&post=30940"}],"curies":[{"name":"wp","href":"https:\/\/api.w.org\/{rel}","templated":true}]}}