{"id":30943,"date":"2021-08-15T16:33:37","date_gmt":"2021-08-15T21:33:37","guid":{"rendered":"http:\/\/www.zonaroja.com.mx\/?p=30943"},"modified":"2021-08-15T16:33:39","modified_gmt":"2021-08-15T21:33:39","slug":"crece-rechazo-a-ecocidio-en-zona-conurbada-de-la-ciudad-de-oaxaca","status":"publish","type":"post","link":"https:\/\/zonaroja.com.mx\/?p=30943","title":{"rendered":"Crece rechazo a ecocidio en zona conurbada de la ciudad de Oaxaca"},"content":{"rendered":"\n<p>Ismael Garc\u00eda M.\/Zona Roja.<\/p>\n\n\n\n<p>Oaxaca de Ju\u00e1rez, Oax., 15 de agosto de 2021.- Ciclistas y ambientalistas, as\u00ed como colonos, intensificaron este domingo sus acciones para rechazar el ecocidio que se pretende hacer en la avenida S\u00edmbolos Patrios, en la zona conurbada de la capital de Oaxaca, por una obra de ampliaci\u00f3n de la vialidad.<\/p>\n\n\n\n<p>Por la ma\u00f1ana, un grupo de ciclistas efectu\u00f3 una rodada del jard\u00edn \u201cAntonia Labastida\u201d de la ciudad hacia dicha vialidad, e hicieron una parada en la jurisdicci\u00f3n de San Antonio de la Cal, colindante con Santa Cruz Xoxocotl\u00e1n.<\/p>\n\n\n\n<p>En sus bicicletas llevaban letreros como \u201cAlto al ecocidio\u201d y \u201cM\u00e1s \u00e1rboles, menos autos\u201d, para expresar de manera pac\u00edfica su inconformidad<\/p>\n\n\n\n<p>De acuerdo con uno de los manifestantes, las medidas de la avenida no permiten ocho carriles, salvo que se derriben \u00e1rboles y desaparezcan los camellones.<\/p>\n\n\n\n<p>Pero adem\u00e1s, la obra no concuerda con la Agenda 20-30, que habla de ciudades sustentables, que preservan el ambiente, con la finalidad de amortiguar el cambio clim\u00e1tico.<\/p>\n\n\n\n<p>\u201cHay un sentir muy fuerte de los colonos, pues ellos sembraron los \u00e1rboles; no se est\u00e1 tomando en cuenta el entorno social. No se toma en cuenta al peat\u00f3n sino solamente al veh\u00edculo\u201d, expuso David Morales.<\/p>\n\n\n\n<figure class=\"wp-block-embed-twitter wp-block-embed is-type-rich is-provider-twitter\"><div class=\"wp-block-embed__wrapper\">\n<div class=\"twitter-tweet\"><blockquote class=\"twitter-tweet\" data-lang=\"es\"><p lang=\"es\" dir=\"ltr\"><a href=\"https:\/\/twitter.com\/hashtag\/ENVIVO?src=hash&amp;ref_src=twsrc%5Etfw\">#ENVIVO<\/a> <br>San Antonio de la Cal, Oax., 15 de agosto de 2021.- Un grupo de ambientalistas y ciclistas protestan en la avenida S\u00edmbolos Patrios, al sur de la capital, en contra del ecocidio en las obras de ampliaci\u00f3n.<br>  <br>Aqu\u00ed la transmisi\u00f3n:<br>\ud83d\udc47<a href=\"https:\/\/t.co\/mg4C5mZ9de\">https:\/\/t.co\/mg4C5mZ9de<\/a><\/p>&mdash; Zona Roja Oaxaca (@Zona_Roja_Oax) <a href=\"https:\/\/twitter.com\/Zona_Roja_Oax\/status\/1426935336911970304?ref_src=twsrc%5Etfw\">15 de agosto de 2021<\/a><\/blockquote><\/div>\n<\/div><\/figure>\n\n\n\n<p>Por su parte el pintor y activista Markoa V\u00e1squez, dijo que son varios vecinos, de Santa Cruz Xoxocotl\u00e1n y de San Antonio de la Cal, quienes se oponen al derribo de \u00e1rboles, pues al atentar contra el medio ambiente es atentar contra la vida humana.<\/p>\n\n\n\n<p>Lament\u00f3 asimismo que en esta obra, que emprende la Secretar\u00eda de las Infraestructuras y Ordenamiento Territorial (Sinfra), ni siquiera tenga considerado un carril especial para la bicicleta.<\/p>\n\n\n\n<p>\u201cNo es un proyecto incluyente; no nos oponemos a la obra, no nos oponemos al desarrollo, pero en definitivo tienen que replantear el proyecto para evitar el ecocidio\u201d, dijo el ambientalista.<\/p>\n\n\n\n<p>Momentos antes, en el crucero de dicha vialidad, entronque con La Experimental, San Antonio de la Cal, un grupo de colonos, con pancartas en mano, tambi\u00e9n manifest\u00f3 su rechazo al derribo de \u00e1rboles que, seg\u00fan grupos ecologistas, ser\u00edan al menos mil 500 ejemplares los que se tirar\u00e1n.<\/p>\n\n\n\n<figure class=\"wp-block-embed-twitter wp-block-embed is-type-rich is-provider-twitter\"><div class=\"wp-block-embed__wrapper\">\n<div class=\"twitter-tweet\"><blockquote class=\"twitter-tweet\" data-lang=\"es\"><p lang=\"es\" dir=\"ltr\"><a href=\"https:\/\/twitter.com\/hashtag\/%C3%9AltimoMinuto?src=hash&amp;ref_src=twsrc%5Etfw\">#\u00daltimoMinuto<\/a> <br>Tambi\u00e9n en el crucero de avenida S\u00edmbolos Patrios, con la vialidad hacia la agencia de La Experimental, San Antonio de la Cal, hubo hoy una protesta de vecinos contra el derribo de \u00e1rboles que pretende la Secretar\u00eda de las Infraestructuras (<a href=\"https:\/\/twitter.com\/SINFRA_GobOax?ref_src=twsrc%5Etfw\">@SINFRA_GobOax<\/a>). <a href=\"https:\/\/t.co\/Jnfx3Wf0p2\">pic.twitter.com\/Jnfx3Wf0p2<\/a><\/p>&mdash; Zona Roja Oaxaca (@Zona_Roja_Oax) <a href=\"https:\/\/twitter.com\/Zona_Roja_Oax\/status\/1426937918627663881?ref_src=twsrc%5Etfw\">15 de agosto de 2021<\/a><\/blockquote><\/div>\n<\/div><\/figure>\n","protected":false},"excerpt":{"rendered":"<p>Ismael Garc\u00eda M.\/Zona Roja. Oaxaca de Ju\u00e1rez, Oax., 15 de agosto de 2021.- Ciclistas y&hellip;<\/p>\n","protected":false},"author":2,"featured_media":30944,"comment_status":"closed","ping_status":"open","sticky":false,"template":"","format":"standard","meta":{"_lmt_disableupdate":"","_lmt_disable":"","_jetpack_memberships_contains_paid_content":false,"footnotes":""},"categories":[109,46],"tags":[],"class_list":["post-30943","post","type-post","status-publish","format-standard","has-post-thumbnail","hentry","category-minuto-a-minuto","category-zona-blanca"],"jetpack_featured_media_url":"https:\/\/zonaroja.com.mx\/wp-content\/uploads\/2021\/08\/Rodada-contra-el-ecocidio-Oaxaca.jpg","jetpack_sharing_enabled":true,"_links":{"self":[{"href":"https:\/\/zonaroja.com.mx\/index.php?rest_route=\/wp\/v2\/posts\/30943","targetHints":{"allow":["GET"]}}],"collection":[{"href":"https:\/\/zonaroja.com.mx\/index.php?rest_route=\/wp\/v2\/posts"}],"about":[{"href":"https:\/\/zonaroja.com.mx\/index.php?rest_route=\/wp\/v2\/types\/post"}],"author":[{"embeddable":true,"href":"https:\/\/zonaroja.com.mx\/index.php?rest_route=\/wp\/v2\/users\/2"}],"replies":[{"embeddable":true,"href":"https:\/\/zonaroja.com.mx\/index.php?rest_route=%2Fwp%2Fv2%2Fcomments&post=30943"}],"version-history":[{"count":1,"href":"https:\/\/zonaroja.com.mx\/index.php?rest_route=\/wp\/v2\/posts\/30943\/revisions"}],"predecessor-version":[{"id":30945,"href":"https:\/\/zonaroja.com.mx\/index.php?rest_route=\/wp\/v2\/posts\/30943\/revisions\/30945"}],"wp:featuredmedia":[{"embeddable":true,"href":"https:\/\/zonaroja.com.mx\/index.php?rest_route=\/wp\/v2\/media\/30944"}],"wp:attachment":[{"href":"https:\/\/zonaroja.com.mx\/index.php?rest_route=%2Fwp%2Fv2%2Fmedia&parent=30943"}],"wp:term":[{"taxonomy":"category","embeddable":true,"href":"https:\/\/zonaroja.com.mx\/index.php?rest_route=%2Fwp%2Fv2%2Fcategories&post=30943"},{"taxonomy":"post_tag","embeddable":true,"href":"https:\/\/zonaroja.com.mx\/index.php?rest_route=%2Fwp%2Fv2%2Ftags&post=30943"}],"curies":[{"name":"wp","href":"https:\/\/api.w.org\/{rel}","templated":true}]}}