{"id":30946,"date":"2021-08-15T22:00:31","date_gmt":"2021-08-16T03:00:31","guid":{"rendered":"http:\/\/www.zonaroja.com.mx\/?p=30946"},"modified":"2021-08-15T22:00:34","modified_gmt":"2021-08-16T03:00:34","slug":"dos-asesinados-a-balazos-y-un-herido-en-oaxaca-saldo-del-domingo","status":"publish","type":"post","link":"https:\/\/zonaroja.com.mx\/?p=30946","title":{"rendered":"Dos asesinados a balazos y un herido en Oaxaca, saldo del domingo"},"content":{"rendered":"\n<p>Redacci\u00f3n\/Zona Roja.<\/p>\n\n\n\n<p>Oaxaca de Ju\u00e1rez, Oax., 15 de agosto de 2021.- Dos personas fueron asesinadas a balazos y una m\u00e1s result\u00f3 lesionada, este domingo en comunidades de la regi\u00f3n Valles Centrales de Oaxaca.<\/p>\n\n\n\n<p>Por la ma\u00f1ana, en a la orilla de un r\u00edo, a un costado de la cuarta privada de Benito Ju\u00e1rez, esquina con calle Luis Donaldo Colosio, a la altura del paraje \u201cEl Cuajilote\u201d de San Agust\u00edn de las Juntas, fue localizado un cad\u00e1ver.<\/p>\n\n\n\n<figure class=\"wp-block-embed-twitter wp-block-embed is-type-rich is-provider-twitter\"><div class=\"wp-block-embed__wrapper\">\n<div class=\"twitter-tweet\"><blockquote class=\"twitter-tweet\" data-lang=\"es\"><p lang=\"es\" dir=\"ltr\"><a href=\"https:\/\/twitter.com\/hashtag\/%C3%9AltimoMinuto?src=hash&amp;ref_src=twsrc%5Etfw\">#\u00daltimoMinuto<\/a> <br>Una persona fue localizada sin vida hoy, en la parte alta del municipio de San Agust\u00edn de las Juntas, conurbado a la capital de <a href=\"https:\/\/twitter.com\/hashtag\/Oaxaca?src=hash&amp;ref_src=twsrc%5Etfw\">#Oaxaca<\/a>.<br>A\u00fan se desconoce el motivo del deceso y personal de la <a href=\"https:\/\/twitter.com\/FISCALIA_GobOax?ref_src=twsrc%5Etfw\">@FISCALIA_GobOax<\/a> realiz\u00f3 el levantamiento del cad\u00e1ver. <a href=\"https:\/\/t.co\/a7tGIlVSzb\">pic.twitter.com\/a7tGIlVSzb<\/a><\/p>&mdash; Zona Roja Oaxaca (@Zona_Roja_Oax) <a href=\"https:\/\/twitter.com\/Zona_Roja_Oax\/status\/1426963786687205384?ref_src=twsrc%5Etfw\">15 de agosto de 2021<\/a><\/blockquote><\/div>\n<\/div><\/figure>\n\n\n\n<p>De acuerdo con los primeros reportes policiacos, presentaba varios impactos de arma de fuego y de acuerdo con sus documentos, respondi\u00f3 en vida al nombre de Fara\u00f3n Zamora, de 35 a\u00f1os de edad y originario de San Lucas Camotl\u00e1n.<\/p>\n\n\n\n<p>Mientras que la tarde de hoy, en jurisdicci\u00f3n de la agencia Vicente Guerrero, perteneciente al municipio de Villa de Zaachila, fueron atacados a balazos dos sujetos, en el interior de una camioneta marca Nissan, color gris.<\/p>\n\n\n\n<p>La v\u00edctima fatal fue identificada de manera preliminar como Juan Mart\u00ednez y el lesionado a\u00fan no ha sido divulgado su nombre; presuntamente forman parte de la Uni\u00f3n de Piperos \u201cLa Soledad\u201d.<\/p>\n","protected":false},"excerpt":{"rendered":"<p>Redacci\u00f3n\/Zona Roja. Oaxaca de Ju\u00e1rez, Oax., 15 de agosto de 2021.- Dos personas fueron asesinadas&hellip;<\/p>\n","protected":false},"author":2,"featured_media":30947,"comment_status":"closed","ping_status":"open","sticky":false,"template":"","format":"standard","meta":{"_lmt_disableupdate":"","_lmt_disable":"","_jetpack_memberships_contains_paid_content":false,"footnotes":""},"categories":[109,51],"tags":[743],"class_list":["post-30946","post","type-post","status-publish","format-standard","has-post-thumbnail","hentry","category-minuto-a-minuto","category-zona-roja","tag-san-agustin-de-las-juntas"],"jetpack_featured_media_url":"https:\/\/zonaroja.com.mx\/wp-content\/uploads\/2021\/08\/Policias-San-Agustin-de-las-Juntas.jpg","jetpack_sharing_enabled":true,"_links":{"self":[{"href":"https:\/\/zonaroja.com.mx\/index.php?rest_route=\/wp\/v2\/posts\/30946","targetHints":{"allow":["GET"]}}],"collection":[{"href":"https:\/\/zonaroja.com.mx\/index.php?rest_route=\/wp\/v2\/posts"}],"about":[{"href":"https:\/\/zonaroja.com.mx\/index.php?rest_route=\/wp\/v2\/types\/post"}],"author":[{"embeddable":true,"href":"https:\/\/zonaroja.com.mx\/index.php?rest_route=\/wp\/v2\/users\/2"}],"replies":[{"embeddable":true,"href":"https:\/\/zonaroja.com.mx\/index.php?rest_route=%2Fwp%2Fv2%2Fcomments&post=30946"}],"version-history":[{"count":1,"href":"https:\/\/zonaroja.com.mx\/index.php?rest_route=\/wp\/v2\/posts\/30946\/revisions"}],"predecessor-version":[{"id":30948,"href":"https:\/\/zonaroja.com.mx\/index.php?rest_route=\/wp\/v2\/posts\/30946\/revisions\/30948"}],"wp:featuredmedia":[{"embeddable":true,"href":"https:\/\/zonaroja.com.mx\/index.php?rest_route=\/wp\/v2\/media\/30947"}],"wp:attachment":[{"href":"https:\/\/zonaroja.com.mx\/index.php?rest_route=%2Fwp%2Fv2%2Fmedia&parent=30946"}],"wp:term":[{"taxonomy":"category","embeddable":true,"href":"https:\/\/zonaroja.com.mx\/index.php?rest_route=%2Fwp%2Fv2%2Fcategories&post=30946"},{"taxonomy":"post_tag","embeddable":true,"href":"https:\/\/zonaroja.com.mx\/index.php?rest_route=%2Fwp%2Fv2%2Ftags&post=30946"}],"curies":[{"name":"wp","href":"https:\/\/api.w.org\/{rel}","templated":true}]}}