{"id":30949,"date":"2021-08-15T22:02:23","date_gmt":"2021-08-16T03:02:23","guid":{"rendered":"http:\/\/www.zonaroja.com.mx\/?p=30949"},"modified":"2021-08-15T22:02:32","modified_gmt":"2021-08-16T03:02:32","slug":"en-una-semana-oaxaca-registro-2457-casos-de-covid-y-66-muertes","status":"publish","type":"post","link":"https:\/\/zonaroja.com.mx\/?p=30949","title":{"rendered":"En una semana, Oaxaca registr\u00f3 2,457 casos de Covid y 66 muertes"},"content":{"rendered":"\n<p>Redacci\u00f3n\/Zona Roja.<\/p>\n\n\n\n<p>Oaxaca de Ju\u00e1rez, Oax., 15 de agosto de 2021.- Del 8 al 14 de agosto, Oaxaca registr\u00f3 un acumulado de 60 mil 106 casos confirmados de Covid-19 y tuvo un aumento de dos mil 457 casos, en comparaci\u00f3n a la semana anterior.<\/p>\n\n\n\n<p>El incremento en este periodo tambi\u00e9n se vio reflejado en el n\u00famero de personas hospitalizadas, que fue de 4.3% y en el promedio de ocupaci\u00f3n de la red m\u00e9dica que lleg\u00f3 a alcanzar el 73.3% de manera global; en esta \u00faltima semana se reportaron 66 decesos a causa de esta patolog\u00eda viral.<\/p>\n\n\n\n<p>En un comunicado, los Servicios de Salud de Oaxaca (SSO), dieron a conocer que de acuerdo a las autoridades sanitarias federales, seguimos en sem\u00e1foro epidemiol\u00f3gico color naranja hasta el 22 de agosto.<\/p>\n\n\n\n<p>Refirieron que, ante el incremento de contagios que ha ocasionado la saturaci\u00f3n hospitalaria en esta semana, de seguir este ritmo de crecimiento, la red m\u00e9dica se ver\u00e1 seriamente afectada para la atenci\u00f3n de pacientes con esta patolog\u00eda y otras enfermedades o emergencias, que tambi\u00e9n son prioritarias atender, porque no habr\u00e1 disponibilidad de camas.<\/p>\n\n\n\n<figure class=\"wp-block-embed-twitter wp-block-embed is-type-rich is-provider-twitter\"><div class=\"wp-block-embed__wrapper\">\n<div class=\"twitter-tweet\"><blockquote class=\"twitter-tweet\" data-lang=\"es\"><p lang=\"es\" dir=\"ltr\"><a href=\"https:\/\/twitter.com\/hashtag\/%C3%9AltimoMinuto?src=hash&amp;ref_src=twsrc%5Etfw\">#\u00daltimoMinuto<\/a><br>Este domingo, los <a href=\"https:\/\/twitter.com\/SSO_GobOax?ref_src=twsrc%5Etfw\">@SSO_GobOax<\/a> reportaron 273 casos positivos a Covid, para un acumulado de 60 mil 379 casos confirmados.<br>En tanto, no se registraron decesos, por lo que la cifra se mantiene en 4 mil 291 fallecimientos.<br>La ocupaci\u00f3n hospitalaria sigue alta: 73.3% <a href=\"https:\/\/t.co\/oz6RlmzyPP\">pic.twitter.com\/oz6RlmzyPP<\/a><\/p>&mdash; Zona Roja Oaxaca (@Zona_Roja_Oax) <a href=\"https:\/\/twitter.com\/Zona_Roja_Oax\/status\/1427077416200015875?ref_src=twsrc%5Etfw\">16 de agosto de 2021<\/a><\/blockquote><\/div>\n<\/div><\/figure>\n\n\n\n<p>Detallaron que lo que har\u00e1 la diferencia para que los hospitales no se saturen, es mantener vigentes todas las medidas sanitarias para la prevenci\u00f3n de este coronavirus, como el uso del cubrebocas, lavado frecuente de manos con agua y jab\u00f3n, o bien, limpiarlas con gel antibacterial a base de alcohol al 70%, mantener la sana distancia, evitar acudir a lugares concurridos y espacios cerrados.<\/p>\n\n\n\n<p>Respecto a la Estrategia de la Pol\u00edtica Nacional de Vacunaci\u00f3n contra el virus SARS-CoV-2 para la prevenci\u00f3n de la Covid-19 en M\u00e9xico, se ha rebasado la cifra de dos millones de dosis aplicadas en todo el territorio estatal, de las farmac\u00e9uticas Pfizer-BioNTech, Sinovac, AstraZeneca y Cansino Biologic. Asimismo, se continu\u00f3 la inmunizaci\u00f3n a la poblaci\u00f3n mayor de 18 a\u00f1os, a quienes se les aplicaron m\u00e1s de 40 mil vacunas.<\/p>\n\n\n\n<p>Aunque cada vez son m\u00e1s las personas que reciben su esquema parcial o completo de vacunaci\u00f3n, las y los habitantes deben protegerse, pues con disciplina, esfuerzo y constancia, no s\u00f3lo se evitar\u00e1 la saturaci\u00f3n de los Centros Hospitalarios, sino tambi\u00e9n la p\u00e9rdida de seres queridos a causa de esta enfermedad.<\/p>\n","protected":false},"excerpt":{"rendered":"<p>Redacci\u00f3n\/Zona Roja. Oaxaca de Ju\u00e1rez, Oax., 15 de agosto de 2021.- Del 8 al 14&hellip;<\/p>\n","protected":false},"author":2,"featured_media":30950,"comment_status":"closed","ping_status":"open","sticky":false,"template":"","format":"standard","meta":{"_lmt_disableupdate":"","_lmt_disable":"","_jetpack_memberships_contains_paid_content":false,"footnotes":""},"categories":[109,47],"tags":[1512],"class_list":["post-30949","post","type-post","status-publish","format-standard","has-post-thumbnail","hentry","category-minuto-a-minuto","category-zona-gris","tag-coronavirus-oaxaca"],"jetpack_featured_media_url":"https:\/\/zonaroja.com.mx\/wp-content\/uploads\/2021\/08\/GRA\u0301FICA-CIFRAS-15-agosto.jpg","jetpack_sharing_enabled":true,"_links":{"self":[{"href":"https:\/\/zonaroja.com.mx\/index.php?rest_route=\/wp\/v2\/posts\/30949","targetHints":{"allow":["GET"]}}],"collection":[{"href":"https:\/\/zonaroja.com.mx\/index.php?rest_route=\/wp\/v2\/posts"}],"about":[{"href":"https:\/\/zonaroja.com.mx\/index.php?rest_route=\/wp\/v2\/types\/post"}],"author":[{"embeddable":true,"href":"https:\/\/zonaroja.com.mx\/index.php?rest_route=\/wp\/v2\/users\/2"}],"replies":[{"embeddable":true,"href":"https:\/\/zonaroja.com.mx\/index.php?rest_route=%2Fwp%2Fv2%2Fcomments&post=30949"}],"version-history":[{"count":1,"href":"https:\/\/zonaroja.com.mx\/index.php?rest_route=\/wp\/v2\/posts\/30949\/revisions"}],"predecessor-version":[{"id":30951,"href":"https:\/\/zonaroja.com.mx\/index.php?rest_route=\/wp\/v2\/posts\/30949\/revisions\/30951"}],"wp:featuredmedia":[{"embeddable":true,"href":"https:\/\/zonaroja.com.mx\/index.php?rest_route=\/wp\/v2\/media\/30950"}],"wp:attachment":[{"href":"https:\/\/zonaroja.com.mx\/index.php?rest_route=%2Fwp%2Fv2%2Fmedia&parent=30949"}],"wp:term":[{"taxonomy":"category","embeddable":true,"href":"https:\/\/zonaroja.com.mx\/index.php?rest_route=%2Fwp%2Fv2%2Fcategories&post=30949"},{"taxonomy":"post_tag","embeddable":true,"href":"https:\/\/zonaroja.com.mx\/index.php?rest_route=%2Fwp%2Fv2%2Ftags&post=30949"}],"curies":[{"name":"wp","href":"https:\/\/api.w.org\/{rel}","templated":true}]}}