{"id":30958,"date":"2021-08-16T07:36:50","date_gmt":"2021-08-16T12:36:50","guid":{"rendered":"http:\/\/www.zonaroja.com.mx\/?p=30958"},"modified":"2021-08-16T09:44:58","modified_gmt":"2021-08-16T14:44:58","slug":"opinion-y-susana-harp-ni-sufre-ni-se-acongoja","status":"publish","type":"post","link":"https:\/\/zonaroja.com.mx\/?p=30958","title":{"rendered":"Opini\u00f3n. Y Susana Harp ni sufre ni se acongoja"},"content":{"rendered":"\n<p>Ismael Garc\u00eda M. \/Zona Roja.<\/p>\n\n\n\n<p>Oaxaca de Ju\u00e1rez, Oax., 16 de agosto de 2021.- O simplemente le pidieron guardar bajo perfil para no exponerse medi\u00e1ticamente de manera innecesaria, o simplemente no est\u00e1 en sus prioridades.<\/p>\n\n\n\n<p>El caso es que, contrario a otros aspirantes, Susana Harp Iturribarr\u00eda ha optado por atender de tiempo completo su cargo en el Senado de la Rep\u00fablica y, en un corto lapso, la situaci\u00f3n de la pandemia en Oaxaca, mucho antes de la tercera ola de Covid-19.<\/p>\n\n\n\n<p>INTENSO PROSELITISMO<\/p>\n\n\n\n<p>En tanto, varios aspirantes morenistas, como Salom\u00f3n Jara y Armando Contreras, adem\u00e1s de aprovecha la plataforma pol\u00edtica que fue la consulta popular, siguen con reuniones masivas pr\u00e1cticamente de manera cotidiana, sin respeto a las medidas sanitarias ante el Covid-19.<\/p>\n\n\n\n<p>Jara, en particular, ha intensificado su actividad &#8211;que inici\u00f3 desde que perdi\u00f3 las elecciones en 2016&#8211; ahora usa, en un video, la figura de Andr\u00e9s Manuel L\u00f3pez Obrador, para decir que lo ha acompa\u00f1ado desde 1988 en su lucha.<\/p>\n\n\n\n<p>Sabedor de que no ser\u00e1 candidato por Morena para el 2022, sigue buscando tambi\u00e9n cobijo con otros pol\u00edticos venidos a menos, como Benjam\u00edn Robles Montoya.<\/p>\n\n\n\n<p>Contreras Castillo, como ya se dijo, no tiene m\u00e1s que el apoyo de un reducido grupo de morenistas. Alberto Esteva, tambi\u00e9n, ya se precis\u00f3 que ni figura ni es bienvenido a Oaxaca; caso similar el de Luis Antonio Ram\u00edrez Pineda, que la semana pasada intensific\u00f3 sus visitas a Oaxaca, estado que abandon\u00f3 casi toda su vida, con excepci\u00f3n del lapso en que fue diputado local.<\/p>\n\n\n\n<p>LA CALLADITA<\/p>\n\n\n\n<p>En cambio, sin aspavientos, Susana Harp mantiene pr\u00e1cticamente igual su ritmo de actividades, pese a empujones, como el de la Secretar\u00eda de Gobernaci\u00f3n el domingo hace ocho d\u00edas, en que fue promovida en el programa de La Hora Nacional, que se transmite en todo el pa\u00eds, para hablar de los pueblos originarios.<\/p>\n\n\n\n<p>Sobrina del ex banquero Alfredo Harp Hel\u00fa y actual due\u00f1o de m\u00faltiples inmuebles hist\u00f3ricos en la ciudad de Oaxaca, tampoco ha utilizado el apellido para hacer valer su presencia.<\/p>\n\n\n\n<p>Si se hacen cuentas, apenas si lleva cuatro a\u00f1os en la pol\u00edtica, pues la mayor parte de su actividad ha sido justamente como cantante.<\/p>\n\n\n\n<p>Estudi\u00f3 una licenciatura en Psicolog\u00eda por la Universidad Regional del Sureste, con especialidad en Psicoterapia Gestalt y una maestr\u00eda en Programaci\u00f3n Neuroling\u00fc\u00edstica.<\/p>\n\n\n\n<p>Su curr\u00edculum publicado en el sitio informativo del Senado, s\u00f3lo refiere: Otros datos: Cantante.<\/p>\n\n\n\n<p>Su primera menci\u00f3n en la pol\u00edtica fue a finales de 2017 en que, sin consultarla, fue incluida en una encuesta que promovi\u00f3 el Partido Morena.<\/p>\n\n\n\n<p>\u201cNadie les pidi\u00f3 y menos les autoriz\u00f3 que me pusieran en su encuesta. Es un abuso de su parte USAR el trabajo de los dem\u00e1s!\u201d, public\u00f3 el 17 de noviembre de aquel a\u00f1o, en referencia al sondeo de Pragma Encuesta en que, por cierto, aparec\u00eda en tercer lugar en preferencia ciudadana, entre varias mujeres.<\/p>\n\n\n\n<p>Despu\u00e9s, en una \u201casamblea informativa\u201d que encabez\u00f3 en Santa Mar\u00eda Atzompa, Andr\u00e9s Manuel L\u00f3pez Obrador confirm\u00f3 y anunci\u00f3, el 8 de diciembre de 2017:<\/p>\n\n\n\n<p>\u201cLa gente as\u00ed lo decidi\u00f3, nosotros no imponemos, son encuestas y se recoge el sentimiento de los ciudadanos\u2026 es cantante, es artista oaxaque\u00f1a, promotora de la cultura de Oaxaca y sin ser militante de Morena, porque es integrante de la sociedad civil, acept\u00f3 la invitaci\u00f3n para participar\u201d.<\/p>\n\n\n\n<p>\u201cLa compa\u00f1era Susana Harp gan\u00f3 la encuesta, fue la que tuvo m\u00e1s apoyo y por eso una vez que sostuvo el resultado, lo aclaro, porque en Morena no hay imposiciones, aunque se trate de gente con mucho prestigio y mucha fama p\u00fablica, siempre es el ciudadano, el pueblo el que decide\u201d, coment\u00f3 en esa ocasi\u00f3n.<\/p>\n\n\n\n<p>Pero finalmente en los primeros meses de 2018 fue convencida y, como se sabe, gan\u00f3 la senadur\u00eda en primera mayor\u00eda, superando a su m\u00e1s cercano contrincante, del PVEM-PRI, Ra\u00fal Bola\u00f1os Cacho-Cu\u00e9, que hoy es senador por primera minor\u00eda; en segundo lugar qued\u00f3 Salom\u00f3n Jara Cruz.<\/p>\n\n\n\n<p>\u00bfSER\u00c1 O NO SER\u00c1?<\/p>\n\n\n\n<p>En los albores de la pandemia, en mayo de 2020 fue designada enlace del gobierno federal para coordinar con el gobierno de Oaxaca la atenci\u00f3n al Covid-19.<\/p>\n\n\n\n<p>No tuvo un papel relevante en ello y tampoco us\u00f3 el foro para promocionarse; m\u00e1s bien, fue en extremo bajo perfil\u2026 y de pocos resultados; antes de que concluyera ese a\u00f1o regres\u00f3 a su encargo en el Senado.<\/p>\n\n\n\n<p>De ah\u00ed, en distintas ocasiones ha sido designada para atender varias situaciones, como el conflicto de pueblos de la zona del distrito de Tlacolula, que se quejaban de falta de recursos presupuestales, o de encargos que le hac\u00eda L\u00f3pez Obrador; \u201cque lo vea Susana\u201d, ha sido la reiterada instrucci\u00f3n.<\/p>\n\n\n\n<p>En los dos \u00faltimos meses se han publicado al menos cinco encuestas de posibles aspirantes a la gubernatura de Oaxaca y en todas ha salido con alta aceptaci\u00f3n tanto el Partido Morena como Susana Harp, pero ella ha guardado silencio.<\/p>\n\n\n\n<p>A principios de julio, de Morena nacional sali\u00f3 una imagen como primera propuesta, acerca del g\u00e9nero que corresponder\u00eda encabezar las seis gubernaturas en pr\u00f3xima disputa, de las cuales tres corresponder\u00edan a mujeres, Aguascalientes, Quintana Roo y Oaxaca.<\/p>\n\n\n\n<p>Eso de inmediato gener\u00f3 escozor en Jara Cruz, quien habl\u00f3 con Mario Delgado para reclamar el adelanto.<\/p>\n\n\n\n<p>El 16 de julio, Harp fue entrevistada por diversos medios de comunicaci\u00f3n acerca de los sondeos y su aspiraci\u00f3n:<\/p>\n\n\n\n<p>\u201cNo tengo idea de d\u00f3nde salieron esas encuestas, yo no me estoy pronunciando en esos temas porque uno tiene ser respetuoso de los tiempos, de las formas y no es el momento\u2026 hay que seguir trabajando\u201d.<\/p>\n\n\n\n<p>&#8211;\u00bfPero s\u00ed le gustar\u00eda?<\/p>\n\n\n\n<p>&#8211;Servir a Oaxaca siempre va a ser un placer y un honor \u2013dijo.<\/p>\n\n\n\n<p>Nada est\u00e1 definido hasta ahora, pero hay varias se\u00f1ales que apuntan que la candidata a la gubernatura podr\u00eda ser Susana Harp y, ella, reiteradamente ha negado la intenci\u00f3n.<\/p>\n\n\n\n<p>S\u00f3lo que su alter ego, su suplente Concepci\u00f3n Rueda G\u00f3mez, trabaja intensamente desde hace unas semanas en ese proyecto y se re\u00fane cotidianamente con m\u00faltiples actores, de todos los colores partidistas y de todas las fracciones morenistas, para promoverla.<\/p>\n","protected":false},"excerpt":{"rendered":"<p>Ismael Garc\u00eda M. \/Zona Roja. Oaxaca de Ju\u00e1rez, Oax., 16 de agosto de 2021.- O&hellip;<\/p>\n","protected":false},"author":2,"featured_media":7610,"comment_status":"closed","ping_status":"open","sticky":false,"template":"","format":"standard","meta":{"_lmt_disableupdate":"","_lmt_disable":"","_jetpack_memberships_contains_paid_content":false,"footnotes":""},"categories":[456,109,48],"tags":[1353],"class_list":["post-30958","post","type-post","status-publish","format-standard","has-post-thumbnail","hentry","category-columna","category-minuto-a-minuto","category-zona-critica","tag-opinion-zona-critica"],"jetpack_featured_media_url":"https:\/\/zonaroja.com.mx\/wp-content\/uploads\/2020\/01\/Opini\u00f3n-Zona-Cr\u00edtica.jpg","jetpack_sharing_enabled":true,"_links":{"self":[{"href":"https:\/\/zonaroja.com.mx\/index.php?rest_route=\/wp\/v2\/posts\/30958","targetHints":{"allow":["GET"]}}],"collection":[{"href":"https:\/\/zonaroja.com.mx\/index.php?rest_route=\/wp\/v2\/posts"}],"about":[{"href":"https:\/\/zonaroja.com.mx\/index.php?rest_route=\/wp\/v2\/types\/post"}],"author":[{"embeddable":true,"href":"https:\/\/zonaroja.com.mx\/index.php?rest_route=\/wp\/v2\/users\/2"}],"replies":[{"embeddable":true,"href":"https:\/\/zonaroja.com.mx\/index.php?rest_route=%2Fwp%2Fv2%2Fcomments&post=30958"}],"version-history":[{"count":1,"href":"https:\/\/zonaroja.com.mx\/index.php?rest_route=\/wp\/v2\/posts\/30958\/revisions"}],"predecessor-version":[{"id":30959,"href":"https:\/\/zonaroja.com.mx\/index.php?rest_route=\/wp\/v2\/posts\/30958\/revisions\/30959"}],"wp:featuredmedia":[{"embeddable":true,"href":"https:\/\/zonaroja.com.mx\/index.php?rest_route=\/wp\/v2\/media\/7610"}],"wp:attachment":[{"href":"https:\/\/zonaroja.com.mx\/index.php?rest_route=%2Fwp%2Fv2%2Fmedia&parent=30958"}],"wp:term":[{"taxonomy":"category","embeddable":true,"href":"https:\/\/zonaroja.com.mx\/index.php?rest_route=%2Fwp%2Fv2%2Fcategories&post=30958"},{"taxonomy":"post_tag","embeddable":true,"href":"https:\/\/zonaroja.com.mx\/index.php?rest_route=%2Fwp%2Fv2%2Ftags&post=30958"}],"curies":[{"name":"wp","href":"https:\/\/api.w.org\/{rel}","templated":true}]}}