{"id":30962,"date":"2021-08-16T07:55:29","date_gmt":"2021-08-16T12:55:29","guid":{"rendered":"http:\/\/www.zonaroja.com.mx\/?p=30962"},"modified":"2021-08-16T07:55:32","modified_gmt":"2021-08-16T12:55:32","slug":"mantiene-el-ieepo-atencion-en-servicios-esenciales-con-protocolos-sanitarios","status":"publish","type":"post","link":"https:\/\/zonaroja.com.mx\/?p=30962","title":{"rendered":"Mantiene el IEEPO atenci\u00f3n en servicios esenciales con protocolos sanitarios"},"content":{"rendered":"\n<p>Redacci\u00f3n\/Zona Roja.<\/p>\n\n\n\n<p>Oaxaca de Ju\u00e1rez, Oax. 16 agosto 2021.- El Instituto Estatal de Educaci\u00f3n P\u00fablica de Oaxaca (IEEPO), con estricto apego las disposiciones emitidas por las autoridades sanitarias y los protocolos necesarios para salvaguardar la salud del personal y de la sociedad en general, contin\u00faa brindando atenci\u00f3n sobre los tr\u00e1mites, servicios, programas y actividades a cargo de la dependencia.<\/p>\n\n\n\n<p>En cumplimiento a las instrucciones del gobernador Alejandro Murat Hinojosa y del director general del Instituto, Francisco \u00c1ngel Villarreal, ante la pandemia por Covid-19, la autoridad educativa en la entidad, mantiene los servicios esenciales en atenci\u00f3n al magisterio y ciudadan\u00eda que as\u00ed lo requiera.<\/p>\n\n\n\n<p>Tambi\u00e9n se encuentra disponible el servicio de chat en l\u00ednea en la p\u00e1gina web institucional www.oaxaca.gob.mx\/ieepo, de lunes a viernes en un horario de 9:00 a 14:00 horas y la direcci\u00f3n de correo&nbsp; electr\u00f3nico dg.correspondencia.gestion@ieepo.gob.mx que recibe la documentaci\u00f3n oficial dirigida a la dependencia, a la cual se da el tr\u00e1mite respectivo ante las \u00e1reas correspondientes.<\/p>\n\n\n\n<p>El IEEPO recomienda consultar el portal web institucional, donde se difunde una serie de propuestas de actividades para reforzar los aprendizajes fundamentales durante el aislamiento preventivo en estudiantes de preescolar, primaria y secundaria, avaladas por la Secretar\u00eda de Educaci\u00f3n P\u00fablica (SEP).<\/p>\n\n\n\n<p>Sobre los protocolos sanitarios, el jefe del Departamento de Protecci\u00f3n y Emergencia Escolar, Jos\u00e9 de Jes\u00fas N\u00fa\u00f1ez Grijalva, se\u00f1al\u00f3 que con apego a las indicaciones del Director General del IEEPO y del Consejo Estatal para la Prevenci\u00f3n de la Salud, desde el inicio de la contingencia sanitaria se establecieron los filtros y medidas higi\u00e9nicas en las diferentes oficinas y \u00e1reas del Instituto, supervisados de manera permanente.<\/p>\n","protected":false},"excerpt":{"rendered":"<p>Redacci\u00f3n\/Zona Roja. Oaxaca de Ju\u00e1rez, Oax. 16 agosto 2021.- El Instituto Estatal de Educaci\u00f3n P\u00fablica&hellip;<\/p>\n","protected":false},"author":2,"featured_media":30963,"comment_status":"closed","ping_status":"open","sticky":false,"template":"","format":"standard","meta":{"_lmt_disableupdate":"","_lmt_disable":"","_jetpack_memberships_contains_paid_content":false,"footnotes":""},"categories":[109,46],"tags":[2837],"class_list":["post-30962","post","type-post","status-publish","format-standard","has-post-thumbnail","hentry","category-minuto-a-minuto","category-zona-blanca","tag-instituto-estatal-de-educacion-publica-de-oaxaca-ieepo"],"jetpack_featured_media_url":"https:\/\/zonaroja.com.mx\/wp-content\/uploads\/2021\/08\/01-IEEPO-2.jpeg","jetpack_sharing_enabled":true,"_links":{"self":[{"href":"https:\/\/zonaroja.com.mx\/index.php?rest_route=\/wp\/v2\/posts\/30962","targetHints":{"allow":["GET"]}}],"collection":[{"href":"https:\/\/zonaroja.com.mx\/index.php?rest_route=\/wp\/v2\/posts"}],"about":[{"href":"https:\/\/zonaroja.com.mx\/index.php?rest_route=\/wp\/v2\/types\/post"}],"author":[{"embeddable":true,"href":"https:\/\/zonaroja.com.mx\/index.php?rest_route=\/wp\/v2\/users\/2"}],"replies":[{"embeddable":true,"href":"https:\/\/zonaroja.com.mx\/index.php?rest_route=%2Fwp%2Fv2%2Fcomments&post=30962"}],"version-history":[{"count":1,"href":"https:\/\/zonaroja.com.mx\/index.php?rest_route=\/wp\/v2\/posts\/30962\/revisions"}],"predecessor-version":[{"id":30964,"href":"https:\/\/zonaroja.com.mx\/index.php?rest_route=\/wp\/v2\/posts\/30962\/revisions\/30964"}],"wp:featuredmedia":[{"embeddable":true,"href":"https:\/\/zonaroja.com.mx\/index.php?rest_route=\/wp\/v2\/media\/30963"}],"wp:attachment":[{"href":"https:\/\/zonaroja.com.mx\/index.php?rest_route=%2Fwp%2Fv2%2Fmedia&parent=30962"}],"wp:term":[{"taxonomy":"category","embeddable":true,"href":"https:\/\/zonaroja.com.mx\/index.php?rest_route=%2Fwp%2Fv2%2Fcategories&post=30962"},{"taxonomy":"post_tag","embeddable":true,"href":"https:\/\/zonaroja.com.mx\/index.php?rest_route=%2Fwp%2Fv2%2Ftags&post=30962"}],"curies":[{"name":"wp","href":"https:\/\/api.w.org\/{rel}","templated":true}]}}