{"id":30969,"date":"2021-08-16T09:43:43","date_gmt":"2021-08-16T14:43:43","guid":{"rendered":"http:\/\/www.zonaroja.com.mx\/?p=30969"},"modified":"2021-08-16T09:43:47","modified_gmt":"2021-08-16T14:43:47","slug":"conozca-a-taco-el-perro-deportista-y-ambientalista-de-oaxaca","status":"publish","type":"post","link":"https:\/\/zonaroja.com.mx\/?p=30969","title":{"rendered":"Conozca a \u201cTaco\u201d, el perro deportista y ambientalista de Oaxaca"},"content":{"rendered":"\n<p>Evlin Arag\u00f3n\/Zona Roja.<\/p>\n\n\n\n<p>Oaxaca de Ju\u00e1rez, Oax., 16 de agosto de 2021.- Pr\u00e1cticamente todo mundo ya se olvid\u00f3 de \u201cMazap\u00e1n\u201d, aquel entusiasta perrito calendero que hac\u00eda la fiesta en la Guelaguetza oaxaque\u00f1a. La raz\u00f3n: lo confinaron a un domicilio.<\/p>\n\n\n\n<p>Pero ahora surge \u201cTaco\u201d, a quien le encanta hacer ejercicio, incluso es conocido por su vida \u201cfitness\u201d, pues acude a cualquier llamado por parte de los ciclistas que se re\u00fanen para llevar a cabo sus rodadas en las calles de la ciudad de Oaxaca.&nbsp;<\/p>\n\n\n\n<p>Se trata de un can muy singular &#8211;conocido por otros como \u201cNicuatole\u201d&#8211;, de pelaje blanco con manchas color caf\u00e9 y excelente condici\u00f3n, la cual prob\u00f3 este domingo, al participar en la rodada que organizaron ciclistas y colonos en rechazo al ecocidio que pretenden consumar las autoridades de Oaxaca, en la avenida S\u00edmbolos Patrios.&nbsp;<\/p>\n\n\n\n<p>Como decenas de personas, \u201cTaco\u201d demostr\u00f3 su compromiso con el medio ambiente y rechazo a la tala de cientos de \u00e1rboles que se pretende hacer para ampliar una avenida en la zona conurbada de la ciudad.&nbsp;<\/p>\n\n\n\n<p>Nadie sabe exactamente como llega, pero el perro callejero siempre est\u00e1 presente en las rodadas, donde los participantes advierten que, aunque es d\u00f3cil con las personas, las motocicletas resultas ser su enemigo n\u00famero uno, no hay ninguna que se vaya sin un fuerte ladrido o una corretiza, dependiendo que tanto se acerquen al contingente.<\/p>\n\n\n\n<figure class=\"wp-block-embed-twitter wp-block-embed is-type-rich is-provider-twitter\"><div class=\"wp-block-embed__wrapper\">\n<div class=\"twitter-tweet\"><blockquote class=\"twitter-tweet\" data-lang=\"es\"><p lang=\"es\" dir=\"ltr\">\ud83e\udd70\ud83d\udc4f\ud83d\udc4f\ud83d\udc4f\ud83d\udc4f\ud83e\udd70<br>1. \u00a1Un perro ciclista y ambientalista! Se trata de \u201cNicuatole\u201d, amigo de \u201cMazap\u00e1n\u201d y de quienes realizan rodadas de manera frecuente en la capital de <a href=\"https:\/\/twitter.com\/hashtag\/Oaxaca?src=hash&amp;ref_src=twsrc%5Etfw\">#Oaxaca<\/a>, como hoy que acompa\u00f1\u00f3 a la protesta pac\u00edfica contra el ecocidio en la avenida S\u00edmbolos Patrios. <a href=\"https:\/\/t.co\/KiFZP1TgLa\">pic.twitter.com\/KiFZP1TgLa<\/a><\/p>&mdash; Zona Roja Oaxaca (@Zona_Roja_Oax) <a href=\"https:\/\/twitter.com\/Zona_Roja_Oax\/status\/1427031509576396800?ref_src=twsrc%5Etfw\">15 de agosto de 2021<\/a><\/blockquote><\/div>\n<\/div><\/figure>\n\n\n\n<p>\u201cSiempre se pega en las rodadas de lo que sea y eso tengan cuidado los motociclistas porque si es agresivo con ellos\u201d, refiri\u00f3 David Morales, uno de los participantes de la rodada de este domingo.<\/p>\n\n\n\n<p>\u201cTaco\u201d no solo es acompa\u00f1ante de los contingentes de ciclistas, toda vez que ha sido visto con los grupos de \u201crunners\u201d que recorren a pie las calles de la ciudad. Una convocatoria basta para verlo en acci\u00f3n.&nbsp;<\/p>\n\n\n\n<p>Tambi\u00e9n se la ha visto con las y los patinadores demostrando su amplio gusto por el deporte y su indiscutible buena condici\u00f3n.&nbsp;<\/p>\n\n\n\n<p>Algunas personas piensan que \u201cTaco\u201d es amigo de \u201cMazap\u00e1n\u201d el perro calendero de Oaxaca que hace un par de a\u00f1os se convirti\u00f3 en la sensaci\u00f3n de la ciudad, lo cual le permiti\u00f3 ser adoptado por una familia que le brinda hogar, alimento y amor.&nbsp;&nbsp;<\/p>\n\n\n\n<p>Sin embargo, lo anterior no es del todo cierto. Al menos eso comparti\u00f3 en las redes sociales la usuaria Rox CS.<\/p>\n\n\n\n<p>\u201cSu nombre m\u00e1s conocido es \u2018Taco\u2019, siempre acompa\u00f1a los paseos ciclistas y las carreras atl\u00e9ticas. Y no, no es amigo de \u2018Mazap\u00e1n\u2019, se odian, siempre se ladraban peleando terreno. \u2018Taco\u2019 es el terror de los motociclistas, pero es un hermoso y gran compa\u00f1\u00eda ciclista y \u2018runner\u2019\u201d, refiere la joven.&nbsp;<\/p>\n","protected":false},"excerpt":{"rendered":"<p>Evlin Arag\u00f3n\/Zona Roja. Oaxaca de Ju\u00e1rez, Oax., 16 de agosto de 2021.- Pr\u00e1cticamente todo mundo&hellip;<\/p>\n","protected":false},"author":2,"featured_media":30970,"comment_status":"closed","ping_status":"open","sticky":false,"template":"","format":"standard","meta":{"_lmt_disableupdate":"","_lmt_disable":"","_jetpack_memberships_contains_paid_content":false,"footnotes":""},"categories":[109,46],"tags":[],"class_list":["post-30969","post","type-post","status-publish","format-standard","has-post-thumbnail","hentry","category-minuto-a-minuto","category-zona-blanca"],"jetpack_featured_media_url":"https:\/\/zonaroja.com.mx\/wp-content\/uploads\/2021\/08\/Perrito-deportista.jpg","jetpack_sharing_enabled":true,"_links":{"self":[{"href":"https:\/\/zonaroja.com.mx\/index.php?rest_route=\/wp\/v2\/posts\/30969","targetHints":{"allow":["GET"]}}],"collection":[{"href":"https:\/\/zonaroja.com.mx\/index.php?rest_route=\/wp\/v2\/posts"}],"about":[{"href":"https:\/\/zonaroja.com.mx\/index.php?rest_route=\/wp\/v2\/types\/post"}],"author":[{"embeddable":true,"href":"https:\/\/zonaroja.com.mx\/index.php?rest_route=\/wp\/v2\/users\/2"}],"replies":[{"embeddable":true,"href":"https:\/\/zonaroja.com.mx\/index.php?rest_route=%2Fwp%2Fv2%2Fcomments&post=30969"}],"version-history":[{"count":1,"href":"https:\/\/zonaroja.com.mx\/index.php?rest_route=\/wp\/v2\/posts\/30969\/revisions"}],"predecessor-version":[{"id":30971,"href":"https:\/\/zonaroja.com.mx\/index.php?rest_route=\/wp\/v2\/posts\/30969\/revisions\/30971"}],"wp:featuredmedia":[{"embeddable":true,"href":"https:\/\/zonaroja.com.mx\/index.php?rest_route=\/wp\/v2\/media\/30970"}],"wp:attachment":[{"href":"https:\/\/zonaroja.com.mx\/index.php?rest_route=%2Fwp%2Fv2%2Fmedia&parent=30969"}],"wp:term":[{"taxonomy":"category","embeddable":true,"href":"https:\/\/zonaroja.com.mx\/index.php?rest_route=%2Fwp%2Fv2%2Fcategories&post=30969"},{"taxonomy":"post_tag","embeddable":true,"href":"https:\/\/zonaroja.com.mx\/index.php?rest_route=%2Fwp%2Fv2%2Ftags&post=30969"}],"curies":[{"name":"wp","href":"https:\/\/api.w.org\/{rel}","templated":true}]}}