{"id":3097,"date":"2019-08-15T07:31:15","date_gmt":"2019-08-15T12:31:15","guid":{"rendered":"http:\/\/www.zonaroja.com.mx\/?p=3097"},"modified":"2019-08-15T07:36:11","modified_gmt":"2019-08-15T12:36:11","slug":"inicia-miercoles-con-asesinado-en-xoxocotlan-y-asalto-a-oxxo-en-tuxtepec","status":"publish","type":"post","link":"https:\/\/zonaroja.com.mx\/?p=3097","title":{"rendered":"Inicia jueves con asesinado en Xoxocotl\u00e1n y asalto a Oxxo en Tuxtepec"},"content":{"rendered":"\n<p>Redacci\u00f3n\/Zona\nRoja.<\/p>\n\n\n\n<p>Oaxaca de Ju\u00e1rez, Oax., 15 de agosto de 2019.- La jornada violenta en Oaxaca reinici\u00f3 este jueves con un asalto a una tienda Oxxo ubicada en San Juan Bautista Tuxtepec y una persona asesinada a balazos en Santa Cruz Xoxocotl\u00e1n.<\/p>\n\n\n\n<p>De acuerdo\ncon los primeros reportes, en los primeros minutos de hoy, en la avenida Monte\nAlb\u00e1n de la agencia de San Javier, Xoxocotl\u00e1n, fue hallado el cad\u00e1ver de un\nindividuo, identificado de manera preliminar como Rafael N., quien presenta\ndisparos de arma de fuego en el cuerpo adem\u00e1s de lesiones en el cabeza.<\/p>\n\n\n\n<p>Presuntamente\nse dirig\u00eda a su domicilio en la colonia An\u00e1huac, cuando fue ultimado por\nsujetos desconocidos. <\/p>\n\n\n\n<p>Por otra\nparte, tambi\u00e9n la madrugada de hoy, en Tuxtepec ocurri\u00f3 un en\u00e9simo asalto a una\ntienda Oxxo, ubicada en la calle Aldama esquina con Libertad de la colonia\nCentro.<\/p>\n\n\n\n<p>Al menos dos\nindividuos ingresaron al establecimiento, amagaron a los empleados y los\ndespojaron del dinero y mercanc\u00eda.<\/p>\n\n\n\n<p>Cuando hu\u00edan a bordo de una motocicleta, fueron perseguidos por elementos de la Guardia Nacional, en la calle Libertad, por lo cual fueron puestos a disposici\u00f3n de la Vicefiscal\u00eda Regional de la Cuenca.<\/p>\n\n\n\n<p>Por otra\nparte, tambi\u00e9n en Tuxtepec, alrededor de las 20:00 horas de ayer se suscit\u00f3 una\nagresi\u00f3n armada &nbsp;en la colonia El\nIngenio, donde result\u00f3 herido un individuo hasta ahora no identificado, que fue\nllevado a un hospital.<\/p>\n","protected":false},"excerpt":{"rendered":"<p>Redacci\u00f3n\/Zona Roja. Oaxaca de Ju\u00e1rez, Oax., 15 de agosto de 2019.- La jornada violenta en&hellip;<\/p>\n","protected":false},"author":2,"featured_media":3098,"comment_status":"closed","ping_status":"open","sticky":false,"template":"","format":"standard","meta":{"_lmt_disableupdate":"","_lmt_disable":"","_jetpack_memberships_contains_paid_content":false,"footnotes":""},"categories":[109,51],"tags":[555],"class_list":["post-3097","post","type-post","status-publish","format-standard","has-post-thumbnail","hentry","category-minuto-a-minuto","category-zona-roja","tag-asalto-oxxo-tuxtepec"],"jetpack_featured_media_url":"https:\/\/zonaroja.com.mx\/wp-content\/uploads\/2019\/08\/3d75fef1-6a34-45c6-9534-5a609b67546c.jpg","jetpack_sharing_enabled":true,"_links":{"self":[{"href":"https:\/\/zonaroja.com.mx\/index.php?rest_route=\/wp\/v2\/posts\/3097","targetHints":{"allow":["GET"]}}],"collection":[{"href":"https:\/\/zonaroja.com.mx\/index.php?rest_route=\/wp\/v2\/posts"}],"about":[{"href":"https:\/\/zonaroja.com.mx\/index.php?rest_route=\/wp\/v2\/types\/post"}],"author":[{"embeddable":true,"href":"https:\/\/zonaroja.com.mx\/index.php?rest_route=\/wp\/v2\/users\/2"}],"replies":[{"embeddable":true,"href":"https:\/\/zonaroja.com.mx\/index.php?rest_route=%2Fwp%2Fv2%2Fcomments&post=3097"}],"version-history":[{"count":3,"href":"https:\/\/zonaroja.com.mx\/index.php?rest_route=\/wp\/v2\/posts\/3097\/revisions"}],"predecessor-version":[{"id":3102,"href":"https:\/\/zonaroja.com.mx\/index.php?rest_route=\/wp\/v2\/posts\/3097\/revisions\/3102"}],"wp:featuredmedia":[{"embeddable":true,"href":"https:\/\/zonaroja.com.mx\/index.php?rest_route=\/wp\/v2\/media\/3098"}],"wp:attachment":[{"href":"https:\/\/zonaroja.com.mx\/index.php?rest_route=%2Fwp%2Fv2%2Fmedia&parent=3097"}],"wp:term":[{"taxonomy":"category","embeddable":true,"href":"https:\/\/zonaroja.com.mx\/index.php?rest_route=%2Fwp%2Fv2%2Fcategories&post=3097"},{"taxonomy":"post_tag","embeddable":true,"href":"https:\/\/zonaroja.com.mx\/index.php?rest_route=%2Fwp%2Fv2%2Ftags&post=3097"}],"curies":[{"name":"wp","href":"https:\/\/api.w.org\/{rel}","templated":true}]}}