{"id":30972,"date":"2021-08-16T15:51:43","date_gmt":"2021-08-16T20:51:43","guid":{"rendered":"http:\/\/www.zonaroja.com.mx\/?p=30972"},"modified":"2021-08-16T15:51:46","modified_gmt":"2021-08-16T20:51:46","slug":"supuesto-comite-de-tutores-dice-no-al-regreso-a-las-aulas","status":"publish","type":"post","link":"https:\/\/zonaroja.com.mx\/?p=30972","title":{"rendered":"Supuesto comit\u00e9 de tutores dice no al regreso a las aulas"},"content":{"rendered":"\n<p>Evlin Arag\u00f3n\/Zona Roja.<\/p>\n\n\n\n<p>Oaxaca de Ju\u00e1rez, Oax., 16 de agosto de 2021.- Quienes se presentaron como integrantes de la Coordinadora Estatal de Madres, Padres y Tutores en Defensa de la Educaci\u00f3n P\u00fablica, manifestaron su rechazo al regreso a clases de manera presencial, debido al incremento de contagios por la pandemia.&nbsp;<\/p>\n\n\n\n<p>As\u00ed lo dieron a conocer en conferencia de prensa en la sede de la Secci\u00f3n 22 del SNTE, donde cuestionaron la necedad del Presidente de la Rep\u00fablica, Andr\u00e9s Manuel L\u00f3pez Obrador, por regresar a las ni\u00f1as y ni\u00f1os a las aulas e indicaron que la vida de los menores de edad no est\u00e1 sujeta a caprichos e intereses pol\u00edticos y econ\u00f3micos del gobierno del estado y el federal.<\/p>\n\n\n\n<p>\u201cAqu\u00ed no se trata del berrinche del Presidente de la Rep\u00fablica y que me disculpe, pero no porque el Presidente sea muy querido en Oaxaca, venga y arregle carreteras con eso es suficiente. La pandemia es una situaci\u00f3n muy seria y muy grave\u201d, indic\u00f3 Adriana Linares Arroyo.<\/p>\n\n\n\n<p>Como representante de la Coordinadora de Padres y Madres, asegur\u00f3 que tambi\u00e9n se oponen a la firma de compromisos de corresponsabilidad anunciados por la Secretar\u00eda de Educaci\u00f3n P\u00fablica (SEP) ya que ello significa el deslinde de las autoridades ante cualquier contagio personal y colectivo.&nbsp;<\/p>\n\n\n\n<p>As\u00ed mismo evidenci\u00f3 que antes de regresar a clases de manera presencial, las autoridades deben garantizar que las escuelas cuenten con una infraestructura adecuadas, servicios b\u00e1sicos, materiales e insumos de salud de calidad que garanticen la seguridad para sus hijas e hijos ante la pandemia.&nbsp;<\/p>\n\n\n\n<p>De ah\u00ed que hizo un llamado al titular del Instituto Estatal de Educaci\u00f3n P\u00fablica de Oaxaca (IEEPO), Francisco \u00c1ngel Villarreal, para atender las necesidades al interior de los centros escolares, previo al regreso a las aulas, de lo contrario lo invitaron a renunciar del cargo y dedicarse a la campa\u00f1a que realiza actualmente.\u00a0<\/p>\n\n\n\n<figure class=\"wp-block-embed-twitter wp-block-embed is-type-rich is-provider-twitter\"><div class=\"wp-block-embed__wrapper\">\n<div class=\"twitter-tweet\"><blockquote class=\"twitter-tweet\" data-lang=\"es\"><p lang=\"es\" dir=\"ltr\"><a href=\"https:\/\/twitter.com\/hashtag\/ENVIVO?src=hash&amp;ref_src=twsrc%5Etfw\">#ENVIVO<\/a> <br>Oaxaca de Ju\u00e1rez, Oax., 16 de agosto de 2021.- Conferencia de prensa de la Coordinadora de Padres, Madrea y Tutores, que se oponen al regreso a clases de manera presencial, el pr\u00f3ximo ciclo escolar 2021-2022.  <br><br>Siga aqu\u00ed la transmisi\u00f3n:<br>\ud83d\udc47<a href=\"https:\/\/t.co\/sej46FgtlN\">https:\/\/t.co\/sej46FgtlN<\/a><\/p>&mdash; Zona Roja Oaxaca (@Zona_Roja_Oax) <a href=\"https:\/\/twitter.com\/Zona_Roja_Oax\/status\/1427326419416256526?ref_src=twsrc%5Etfw\">16 de agosto de 2021<\/a><\/blockquote><\/div>\n<\/div><\/figure>\n\n\n\n<p>Adem\u00e1s, aprovech\u00f3 para reprochar a docentes emanados de la Secci\u00f3n 22, hoy convertidos en legisladores, como Hiram Santiago Manuel, Arcelia L\u00f3pez Hern\u00e1ndez y Azael Santiago Chepi, de promover la iniciativa del presidente con lo que traicionan no al magisterio sino al pueblo de Oaxaca.&nbsp;<\/p>\n\n\n\n<p>Al igual que a la actual dirigencia encabezada por Eloy L\u00f3pez Hern\u00e1ndez a la que acus\u00f3 de entreguismo y de no estar al pendiente de la educaci\u00f3n de las ni\u00f1as y ni\u00f1os en Oaxaca.&nbsp;<\/p>\n\n\n\n<p>\u201cNo, no vamos a regresar porque no va a llover, no va a relampaguear, porque aqu\u00ed se hace lo que el pueblo decida. Que recuerde Andr\u00e9s Manuel que dijo que el pueblo es el gobierno y que \u00e9l solamente es un administrador de la econom\u00eda\u201d, dijo.&nbsp;<\/p>\n\n\n\n<p>Finalmente, Soledad del Roc\u00edo Ramos Mendoza indic\u00f3 que \u00fanicamente cuando la poblaci\u00f3n este vacunada en 90 por ciento, existir\u00e1n realmente las condiciones de aminorar los contagios, y con ello la posibilidad de un retorno por parte de las y los estudiantes.&nbsp;<\/p>\n\n\n\n<p>\u201cEl gobierno federal est\u00e1 poniendo en riesgo la parte m\u00e1s importante de nuestro pa\u00eds, la ni\u00f1ez. Hoy parece que quieren terminar con nuestros hijos para nuevamente someternos a los dictados de un gobierno que est\u00e1 en una oficina con todos los medios para evitar el contagio\u201d, dijo.&nbsp;<\/p>\n","protected":false},"excerpt":{"rendered":"<p>Evlin Arag\u00f3n\/Zona Roja. Oaxaca de Ju\u00e1rez, Oax., 16 de agosto de 2021.- Quienes se presentaron&hellip;<\/p>\n","protected":false},"author":2,"featured_media":30973,"comment_status":"closed","ping_status":"open","sticky":false,"template":"","format":"standard","meta":{"_lmt_disableupdate":"","_lmt_disable":"","_jetpack_memberships_contains_paid_content":false,"footnotes":""},"categories":[109,47],"tags":[2853],"class_list":["post-30972","post","type-post","status-publish","format-standard","has-post-thumbnail","hentry","category-minuto-a-minuto","category-zona-gris","tag-coordinadora-estatal-de-madres-padres-y-tutores"],"jetpack_featured_media_url":"https:\/\/zonaroja.com.mx\/wp-content\/uploads\/2021\/08\/Conferencia-de-prensa-Coordinadora-de-Padre.jpg","jetpack_sharing_enabled":true,"_links":{"self":[{"href":"https:\/\/zonaroja.com.mx\/index.php?rest_route=\/wp\/v2\/posts\/30972","targetHints":{"allow":["GET"]}}],"collection":[{"href":"https:\/\/zonaroja.com.mx\/index.php?rest_route=\/wp\/v2\/posts"}],"about":[{"href":"https:\/\/zonaroja.com.mx\/index.php?rest_route=\/wp\/v2\/types\/post"}],"author":[{"embeddable":true,"href":"https:\/\/zonaroja.com.mx\/index.php?rest_route=\/wp\/v2\/users\/2"}],"replies":[{"embeddable":true,"href":"https:\/\/zonaroja.com.mx\/index.php?rest_route=%2Fwp%2Fv2%2Fcomments&post=30972"}],"version-history":[{"count":1,"href":"https:\/\/zonaroja.com.mx\/index.php?rest_route=\/wp\/v2\/posts\/30972\/revisions"}],"predecessor-version":[{"id":30974,"href":"https:\/\/zonaroja.com.mx\/index.php?rest_route=\/wp\/v2\/posts\/30972\/revisions\/30974"}],"wp:featuredmedia":[{"embeddable":true,"href":"https:\/\/zonaroja.com.mx\/index.php?rest_route=\/wp\/v2\/media\/30973"}],"wp:attachment":[{"href":"https:\/\/zonaroja.com.mx\/index.php?rest_route=%2Fwp%2Fv2%2Fmedia&parent=30972"}],"wp:term":[{"taxonomy":"category","embeddable":true,"href":"https:\/\/zonaroja.com.mx\/index.php?rest_route=%2Fwp%2Fv2%2Fcategories&post=30972"},{"taxonomy":"post_tag","embeddable":true,"href":"https:\/\/zonaroja.com.mx\/index.php?rest_route=%2Fwp%2Fv2%2Ftags&post=30972"}],"curies":[{"name":"wp","href":"https:\/\/api.w.org\/{rel}","templated":true}]}}