{"id":30975,"date":"2021-08-16T16:02:05","date_gmt":"2021-08-16T21:02:05","guid":{"rendered":"http:\/\/www.zonaroja.com.mx\/?p=30975"},"modified":"2021-08-16T16:02:09","modified_gmt":"2021-08-16T21:02:09","slug":"inicia-semana-con-multiples-protestas-en-oaxaca","status":"publish","type":"post","link":"https:\/\/zonaroja.com.mx\/?p=30975","title":{"rendered":"Inicia semana con m\u00faltiples protestas en Oaxaca"},"content":{"rendered":"\n<p>Evlin Arag\u00f3n\/Zona Roja.<\/p>\n\n\n\n<p>Oaxaca de Ju\u00e1rez, Oax., 16 de agosto de 2021.- Como cada semana, el lunes inici\u00f3 con diversas protestas en Oaxaca, ahora principalmente del sector Salud.<\/p>\n\n\n\n<p>\u201cExigimos respeto a nuestra continuidad laboral, porque tenemos familia que mantener\u201d expusieron integrantes del Sindicato Independiente de Trabajadores y Profesionales en Salud (Sityps), al denunciar el despido de m\u00e1s de mil 500 empleados de confianza por parte de los Servicios de Salud de Oaxaca (SSO)<\/p>\n\n\n\n<p>Con una manifestaci\u00f3n a las afueras de Casa Oficial y la instalaci\u00f3n de un \u201cplant\u00f3n\u201d indefinido en el lugar, las y los sindicalizados dieron a conocer que el gobierno de Alejandro Murat, de manera arbitraria y violentando los derechos humanos y laborales, ha dejado sin empleo y sustento a m\u00e1s de mil personas y sus familias.&nbsp;<\/p>\n\n\n\n<p>\u201cNo vamos a permitir que nos corran as\u00ed nada m\u00e1s, hay trabajadores que estuvieron trabajando durante la pandemia y ahora porque se les antoja y dicen que hay un desvi\u00f3 de recursos que no es nuestra culpa sino de ellos mismos\u201d, refirieron.<\/p>\n\n\n\n<p>De acuerdo con Laura Cerqueda de la Rosa, dirigente de la gremial, en estos momentos son alrededor de 38 trabajadores del sindicato que han sido notificados por la Junta Local de Conciliaci\u00f3n y Arbitraje de que ser\u00e1n despedidos, cifra que subir\u00e1 a m\u00e1s de mil, adscritos principalmente del \u00e1rea administrativa, enfermeros y camilleros.&nbsp;<\/p>\n\n\n\n<p>Por lo anterior, indic\u00f3 que han iniciado su jornada de protesta en la cual ir\u00e1n radicalizando las acciones, incluyendo una huelga de hambre, dando como plazo esta semana para ser atendidos por parte de las autoridades encabezadas por el gobernador de Oaxaca, Alejandro Murat, y el secretario de Salud, Juan Carlos M\u00e1rquez.<\/p>\n\n\n\n<figure class=\"wp-block-embed-twitter wp-block-embed is-type-rich is-provider-twitter\"><div class=\"wp-block-embed__wrapper\">\n<div class=\"twitter-tweet\"><blockquote class=\"twitter-tweet\" data-lang=\"es\"><p lang=\"es\" dir=\"ltr\"><a href=\"https:\/\/twitter.com\/hashtag\/%C3%9AltimoMinuto?src=hash&amp;ref_src=twsrc%5Etfw\">#\u00daltimoMinuto<\/a><br>Se intensifican este lunes las protestas sindicales, ante el anuncio de los <a href=\"https:\/\/twitter.com\/SSO_GobOax?ref_src=twsrc%5Etfw\">@SSO_GobOax<\/a> de despedir a m\u00e1s de mil 500 trabajadores, por el supuesto recorte presupuestal; el Sityps bloquea la avenida Ju\u00e1rez de la capital y la Casa Oficial. <a href=\"https:\/\/t.co\/3fRfCWHIBJ\">pic.twitter.com\/3fRfCWHIBJ<\/a><\/p>&mdash; Zona Roja Oaxaca (@Zona_Roja_Oax) <a href=\"https:\/\/twitter.com\/Zona_Roja_Oax\/status\/1427275685970812930?ref_src=twsrc%5Etfw\">16 de agosto de 2021<\/a><\/blockquote><\/div>\n<\/div><\/figure>\n\n\n\n<p>OTRO DE SALUD<\/p>\n\n\n\n<p>Como desde hace semanas, no se trat\u00f3 de la \u00fanica protesta en contra de los SSO, ya que integrantes del Frente Nacional de Trabajadores de Salud, Secci\u00f3n Oaxaca, tomaron las oficinas centrales de la dependencia ubicadas en la calle de J.P. Garc\u00eda.&nbsp;<\/p>\n\n\n\n<p>Ricardo Vera explic\u00f3 que se trata de una acci\u00f3n en respaldo al personal que ser\u00e1 despedido de manera injustificada y en contubernio con la Junta Local de Conciliaci\u00f3n y Arbitraje que se ha prestado a la defensa del patr\u00f3n, sin tomar en cuenta a la base trabajadora.&nbsp;<\/p>\n\n\n\n<p>\u201cHoy en la ma\u00f1ana nos notificaron que ya est\u00e1bamos fuera. No es posible que haya un despido masivo e injustificado, no son 100, 800 o mil trabajadores, son familias enteras que se quedan sin sustento, aunque hemos estado al pie del ca\u00f1\u00f3n durante la pandemia\u201d, indic\u00f3.<\/p>\n\n\n\n<p>As\u00ed mismo, anunci\u00f3 una toma masiva de oficinas de los Servicios de Salud por parte del personal de confianza que a partir de hoy se quedar\u00e1 sin empleo, a la par que pidi\u00f3 una mesa de di\u00e1logo con el titular de Salud en Oaxaca.<\/p>\n\n\n\n<p>Mientras que, en la zona norte de la ciudad, integrantes de la Organizaci\u00f3n para el Bienestar de los Pueblos del Estado de Oaxaca (OBPEO), bloquearon el crucero del estadio de beisbol, en la calzada H\u00e9roes de Chapultepec con Heroico Colegio Militar, para exigir atenci\u00f3n por parte del secretario de Gobierno, Francisco Javier Garc\u00eda L\u00f3pez<\/p>\n\n\n\n<p>Adolfo S\u00e1nchez, l\u00edder de la organizaci\u00f3n, denunci\u00f3 la omisi\u00f3n a sus demandas por parte de las autoridades estatales, mismas que dijo son de car\u00e1cter social y de infraestructura, en comunidades de los Valles Centrales e Istmo de Tehuantepec.<\/p>\n\n\n\n<p>Por lo anterior iniciaron su protesta, que no dur\u00f3 ni dos horas, y con la cual exigieron la instalaci\u00f3n inmediata de una mesa de di\u00e1logo.&nbsp;<\/p>\n\n\n\n<p>Mientras que en Ciudad Judicial, en Reyes Mantec\u00f3n, San Bartolo Coyotepec, un grupo de mezcaleros realiz\u00f3 una protesta con cierre temporal de accesos al complejo gubernamental, a fin de exigir una audiencia con el fiscal General, Arturo Peimbert Calvo, para conocer la situaci\u00f3n de las denuncias que han presentado respecto al saqueo en las oficinas del Comercam.<\/p>\n\n\n\n<p>Finalmente, en la regi\u00f3n del Istmo de Tehuantepec, integrantes de la Coordinadora de Colonias Unidas se manifestaron, en el municipio de Salina Cruz, en contra de los altos precios y desigualdad en el acceso a la energ\u00eda el\u00e9ctrica por parte de la Comisi\u00f3n Federal de Electricidad (CFE).<\/p>\n\n\n\n<p>El grupo manifestante indic\u00f3 que, aunque se trata de una protesta pac\u00edfica, podr\u00edan radicalizar sus acciones en caso de no ser atendidos por parte de las autoridades de la CFE, a la que piden el mejoramiento de sus servicios, en beneficio de la ciudadan\u00eda.&nbsp;<\/p>\n","protected":false},"excerpt":{"rendered":"<p>Evlin Arag\u00f3n\/Zona Roja. Oaxaca de Ju\u00e1rez, Oax., 16 de agosto de 2021.- Como cada semana,&hellip;<\/p>\n","protected":false},"author":2,"featured_media":30976,"comment_status":"closed","ping_status":"open","sticky":false,"template":"","format":"standard","meta":{"_lmt_disableupdate":"","_lmt_disable":"","_jetpack_memberships_contains_paid_content":false,"footnotes":""},"categories":[109,47],"tags":[],"class_list":["post-30975","post","type-post","status-publish","format-standard","has-post-thumbnail","hentry","category-minuto-a-minuto","category-zona-gris"],"jetpack_featured_media_url":"https:\/\/zonaroja.com.mx\/wp-content\/uploads\/2021\/08\/Bloqueo-Sityps-Casa-Oficial.jpg","jetpack_sharing_enabled":true,"_links":{"self":[{"href":"https:\/\/zonaroja.com.mx\/index.php?rest_route=\/wp\/v2\/posts\/30975","targetHints":{"allow":["GET"]}}],"collection":[{"href":"https:\/\/zonaroja.com.mx\/index.php?rest_route=\/wp\/v2\/posts"}],"about":[{"href":"https:\/\/zonaroja.com.mx\/index.php?rest_route=\/wp\/v2\/types\/post"}],"author":[{"embeddable":true,"href":"https:\/\/zonaroja.com.mx\/index.php?rest_route=\/wp\/v2\/users\/2"}],"replies":[{"embeddable":true,"href":"https:\/\/zonaroja.com.mx\/index.php?rest_route=%2Fwp%2Fv2%2Fcomments&post=30975"}],"version-history":[{"count":1,"href":"https:\/\/zonaroja.com.mx\/index.php?rest_route=\/wp\/v2\/posts\/30975\/revisions"}],"predecessor-version":[{"id":30977,"href":"https:\/\/zonaroja.com.mx\/index.php?rest_route=\/wp\/v2\/posts\/30975\/revisions\/30977"}],"wp:featuredmedia":[{"embeddable":true,"href":"https:\/\/zonaroja.com.mx\/index.php?rest_route=\/wp\/v2\/media\/30976"}],"wp:attachment":[{"href":"https:\/\/zonaroja.com.mx\/index.php?rest_route=%2Fwp%2Fv2%2Fmedia&parent=30975"}],"wp:term":[{"taxonomy":"category","embeddable":true,"href":"https:\/\/zonaroja.com.mx\/index.php?rest_route=%2Fwp%2Fv2%2Fcategories&post=30975"},{"taxonomy":"post_tag","embeddable":true,"href":"https:\/\/zonaroja.com.mx\/index.php?rest_route=%2Fwp%2Fv2%2Ftags&post=30975"}],"curies":[{"name":"wp","href":"https:\/\/api.w.org\/{rel}","templated":true}]}}