{"id":30978,"date":"2021-08-16T19:16:21","date_gmt":"2021-08-17T00:16:21","guid":{"rendered":"http:\/\/www.zonaroja.com.mx\/?p=30978"},"modified":"2021-08-16T19:16:25","modified_gmt":"2021-08-17T00:16:25","slug":"tiene-oaxaca-33-arboles-notables-varios-enfermos-y-en-riesgo-de-caer","status":"publish","type":"post","link":"https:\/\/zonaroja.com.mx\/?p=30978","title":{"rendered":"Tiene Oaxaca 33 \u00e1rboles notables; varios enfermos y en riesgo de caer"},"content":{"rendered":"\n<p>Evlin Arag\u00f3n\/Zona Roja.<\/p>\n\n\n\n<p>Oaxaca de Ju\u00e1rez, Oax., 16 de agosto de 2021.- En Oaxaca existen 33 \u00e1rboles catalogados como notables, por su historia y\/o por su volumen, entre ellos el milenario sabino de Santa Mar\u00eda El Tula.<\/p>\n\n\n\n<p>Sin embargo, varios de ellos se encuentran enfermos y en riesgo de caer &#8211;como sucedi\u00f3 con el higo del valle de la calzada de la Rep\u00fablica de la capital oaxaque\u00f1a&#8211; y no hay un presupuesto espec\u00edfico para atenderlos.<\/p>\n\n\n\n<p>As\u00ed lo reconoci\u00f3 la secretaria del Medio Ambiente estatal, Elena Iturribarr\u00eda, al acudir a un acto esta ma\u00f1ana en el ejemplar derribado por las lluvias hace nueve d\u00edas.<\/p>\n\n\n\n<p>Con la intenci\u00f3n de preservar el hist\u00f3rico \u00e1rbol de higo, ca\u00eddo por las lluvias hace poco m\u00e1s de una semana en inmediaciones de la calzada de la Rep\u00fablica, en la ciudad de Oaxaca, ambientalistas y artistas anunciaron acciones para honrar el recuerdo del ejemplar sembrado en 1812, por el primer Presidente de la Rep\u00fablica, Guadalupe Victoria.&nbsp;<\/p>\n\n\n\n<p>De acuerdo con lo expuesto en un encuentro con medios de comunicaci\u00f3n, se trata de dos acciones: la primera compartir con la ciudadan\u00eda algunas estacas que se puedan enraizar y mantener una parte viva del \u00e1rbol; mientras que la segunda consiste en transformar la parte sin vida en una obra de arte, en algo igual de bello que el ejemplar.&nbsp;<\/p>\n\n\n\n<p>\u201cLa invitaci\u00f3n es que toda esta semana, la poblaci\u00f3n pueda venir por un pedazo de este \u00e1rbol para los que quieran utilizarlo para cualquier tipo de intervenci\u00f3n art\u00edstica lo puedan hacer. Buscamos que al final podamos contar con una exposici\u00f3n que permita que \u00e1rbol perdure por muchos a\u00f1os m\u00e1s\u201d, explicaron.&nbsp;<\/p>\n\n\n\n<p>La propuesta incluye la elaboraci\u00f3n de arte utilitario que pueda incluso instalarse en el lugar que dejar\u00e1 el ejemplar una vez que sea retirado en su totalidad, teniendo como plazo dos meses.\u00a0<\/p>\n\n\n\n<figure class=\"wp-block-embed-twitter wp-block-embed is-type-rich is-provider-twitter\"><div class=\"wp-block-embed__wrapper\">\n<div class=\"twitter-tweet\"><blockquote class=\"twitter-tweet\" data-lang=\"es\"><p lang=\"es\" dir=\"ltr\"><a href=\"https:\/\/twitter.com\/hashtag\/ENVIVO?src=hash&amp;ref_src=twsrc%5Etfw\">#ENVIVO<\/a> <br>Oaxaca de Ju\u00e1rez, Oax., 16 de agosto de 2021.- Buscan preservar el hist\u00f3rico \u00e1rbol de higo, ca\u00eddo por las lluvias hace poco m\u00e1s de una semana en la calzada de la Rep\u00fablica de la ciudad de Oaxaca.<br>Aqu\u00ed la transmisi\u00f3n:<a href=\"https:\/\/t.co\/sMLalISmc2\">https:\/\/t.co\/sMLalISmc2<\/a><\/p>&mdash; Zona Roja Oaxaca (@Zona_Roja_Oax) <a href=\"https:\/\/twitter.com\/Zona_Roja_Oax\/status\/1427295763219034117?ref_src=twsrc%5Etfw\">16 de agosto de 2021<\/a><\/blockquote><\/div>\n<\/div><\/figure>\n\n\n\n<p>Independientemente de la preservaci\u00f3n del ejemplar, la iniciativa busca generar conciencia entre la poblaci\u00f3n del cuidado que necesita el arbolado urbano en la ciudad Oaxaca, \u201cse trata de hermanos que no tienen voz, pero qu\u00e9 si nos dan vida y que obtienen apat\u00eda no solo de las autoridades sino tambi\u00e9n de la ciudadan\u00eda\u201d, asegur\u00f3 el pintor Markoa V\u00e1squez.&nbsp;<\/p>\n\n\n\n<p>Grabado, escultura, alebrije, arte utilitario, todo est\u00e1 permitido sin restricci\u00f3n. Ya que la intenci\u00f3n es utilizar los restos del hist\u00f3rico \u00e1rbol de Higo del Valle para generar obra de arte que posteriormente pueda ser subastada para dar mantenimiento al arbolado urbano.<\/p>\n\n\n\n<p>Mientras que el artista pl\u00e1stico Arnoldo D\u00e1maso asegur\u00f3 que la corteza del \u00e1rbol de enorme proporci\u00f3n servir\u00e1 para el rescate de una t\u00e9cnica antigua de grabado denominada \u201cmadera de pie\u201d que debido a la falta de material id\u00f3neos ha ido perdiendo la pr\u00e1ctica.&nbsp;<\/p>\n\n\n\n<p>Adem\u00e1s, se\u00f1al\u00f3 que en su caso ha sembrado al menos 15 estacas del enorme ejemplar, recientemente derribado por las lluvias, las cuales podr\u00edan enraizar con el debido cuidado, manteniendo as\u00ed la vida tan importante \u00e1rbol.&nbsp;<\/p>\n\n\n\n<p>Finalmente, el ambientalista Nazario Garc\u00eda pidi\u00f3 no olvidar que son muchos los \u00e1rboles que se encuentran en riesgo en la capital oaxaque\u00f1a, por lo que es necesaria la implementaci\u00f3n de un Plan Emergente de Manejo Sustentable del Arbolado Urbano para evitar la ca\u00edda de m\u00e1s ejemplares que no s\u00f3lo dejan vulnerable a la ciudadan\u00eda sino al medioambiente.&nbsp;<\/p>\n\n\n\n<p>Mientras que Helena Iturribarria Rojas, encargada de despacho de la Secretar\u00eda del Medio Ambiente, asegur\u00f3 que, aunque no existe un presupuesto destinado espec\u00edficamente para el cuidado del arbolado, incluido los 33 considerados como notables, si se llevan a acciones para atender su conservaci\u00f3n.<\/p>\n","protected":false},"excerpt":{"rendered":"<p>Evlin Arag\u00f3n\/Zona Roja. Oaxaca de Ju\u00e1rez, Oax., 16 de agosto de 2021.- En Oaxaca existen&hellip;<\/p>\n","protected":false},"author":2,"featured_media":30979,"comment_status":"closed","ping_status":"open","sticky":false,"template":"","format":"standard","meta":{"_lmt_disableupdate":"","_lmt_disable":"","_jetpack_memberships_contains_paid_content":false,"footnotes":""},"categories":[109,46],"tags":[],"class_list":["post-30978","post","type-post","status-publish","format-standard","has-post-thumbnail","hentry","category-minuto-a-minuto","category-zona-blanca"],"jetpack_featured_media_url":"https:\/\/zonaroja.com.mx\/wp-content\/uploads\/2021\/08\/Arbol-caido-calzada-de-la-Republica.jpg","jetpack_sharing_enabled":true,"_links":{"self":[{"href":"https:\/\/zonaroja.com.mx\/index.php?rest_route=\/wp\/v2\/posts\/30978","targetHints":{"allow":["GET"]}}],"collection":[{"href":"https:\/\/zonaroja.com.mx\/index.php?rest_route=\/wp\/v2\/posts"}],"about":[{"href":"https:\/\/zonaroja.com.mx\/index.php?rest_route=\/wp\/v2\/types\/post"}],"author":[{"embeddable":true,"href":"https:\/\/zonaroja.com.mx\/index.php?rest_route=\/wp\/v2\/users\/2"}],"replies":[{"embeddable":true,"href":"https:\/\/zonaroja.com.mx\/index.php?rest_route=%2Fwp%2Fv2%2Fcomments&post=30978"}],"version-history":[{"count":1,"href":"https:\/\/zonaroja.com.mx\/index.php?rest_route=\/wp\/v2\/posts\/30978\/revisions"}],"predecessor-version":[{"id":30980,"href":"https:\/\/zonaroja.com.mx\/index.php?rest_route=\/wp\/v2\/posts\/30978\/revisions\/30980"}],"wp:featuredmedia":[{"embeddable":true,"href":"https:\/\/zonaroja.com.mx\/index.php?rest_route=\/wp\/v2\/media\/30979"}],"wp:attachment":[{"href":"https:\/\/zonaroja.com.mx\/index.php?rest_route=%2Fwp%2Fv2%2Fmedia&parent=30978"}],"wp:term":[{"taxonomy":"category","embeddable":true,"href":"https:\/\/zonaroja.com.mx\/index.php?rest_route=%2Fwp%2Fv2%2Fcategories&post=30978"},{"taxonomy":"post_tag","embeddable":true,"href":"https:\/\/zonaroja.com.mx\/index.php?rest_route=%2Fwp%2Fv2%2Ftags&post=30978"}],"curies":[{"name":"wp","href":"https:\/\/api.w.org\/{rel}","templated":true}]}}