{"id":30981,"date":"2021-08-16T19:33:34","date_gmt":"2021-08-17T00:33:34","guid":{"rendered":"http:\/\/www.zonaroja.com.mx\/?p=30981"},"modified":"2021-08-16T19:33:37","modified_gmt":"2021-08-17T00:33:37","slug":"indolencia-de-secretario-de-salud-de-oaxaca-deriva-en-paro-de-labores","status":"publish","type":"post","link":"https:\/\/zonaroja.com.mx\/?p=30981","title":{"rendered":"Indolencia de secretario de Salud de Oaxaca deriva en paro de labores"},"content":{"rendered":"\n<p>Redacci\u00f3n\/Zona Roja.<\/p>\n\n\n\n<p>Oaxaca de Ju\u00e1rez, Oax., 16 de agosto de 2021.- La situaci\u00f3n en cl\u00ednicas, hospitales y dem\u00e1s centros de trabajo de los Servicios de Salud de Oaxaca (SSO) es cada d\u00eda m\u00e1s cr\u00edtica y ahora, la autoridad estatal pretende el despido de alrededor de mil 500 empleados.<\/p>\n\n\n\n<p>\u201cNuestro gremio en m\u00faltiples ocasiones y en diferentes foros hemos denunciado ante las autoridades la falta de insumos y medicamentos para la atenci\u00f3n con calidad de usuarios que requieren la atenci\u00f3n, enfatizando a partir de la pandemia las deficiencias de infraestructura, necesidad de personal, capacitaci\u00f3n, equipo de protecci\u00f3n, insumos necesarios\u201d, a lo cual no ha habido respuesta.<\/p>\n\n\n\n<p>Ante ello \u201cy en respuesta a las acciones unilaterales de parte de los Servicios de Salud de Oaxaca\u201d, la Secci\u00f3n 35 del Sindicato Nacional de Trabajadores de Salud anunci\u00f3 paros de labores y protestas a partir de ma\u00f1ana martes.<\/p>\n\n\n\n<p>Ser\u00e1n las representaciones laborales de las jurisdicciones sanitarias \u201cValles Centrales\u201d y \u201cSierra\u201d quienes se manifestar\u00e1n en los principales cruceros de la ciudad de Oaxaca, sin obstruir las vialidades, anunci\u00f3 el dirigente del gremio, Mario F\u00e9lix Pacheco.<\/p>\n\n\n\n<figure class=\"wp-block-embed-twitter wp-block-embed is-type-rich is-provider-twitter\"><div class=\"wp-block-embed__wrapper\">\n<div class=\"twitter-tweet\"><blockquote class=\"twitter-tweet\" data-lang=\"es\"><p lang=\"es\" dir=\"ltr\"><a href=\"https:\/\/twitter.com\/hashtag\/%C3%9AltimoMinuto?src=hash&amp;ref_src=twsrc%5Etfw\">#\u00daltimoMinuto<\/a> <br>La Secci\u00f3n 35 del Sindicato Nacional de Trabajadores de la Secretar\u00eda de Salud anunci\u00f3 protestas y bloqueos a partir de ma\u00f1ana en la ciudad de <a href=\"https:\/\/twitter.com\/hashtag\/Oaxaca?src=hash&amp;ref_src=twsrc%5Etfw\">#Oaxaca<\/a>, ante el el incumplimiento de los <a href=\"https:\/\/twitter.com\/SSO_GobOax?ref_src=twsrc%5Etfw\">@SSO_GobOax<\/a> a diversas demandas, adem\u00e1s del despido de personal. <a href=\"https:\/\/t.co\/bjfeNCjVaY\">pic.twitter.com\/bjfeNCjVaY<\/a><\/p>&mdash; Zona Roja Oaxaca (@Zona_Roja_Oax) <a href=\"https:\/\/twitter.com\/Zona_Roja_Oax\/status\/1427385873801302023?ref_src=twsrc%5Etfw\">16 de agosto de 2021<\/a><\/blockquote><\/div>\n<\/div><\/figure>\n\n\n\n<p>Asimismo, en cada centro de trabajo se elaborar\u00e1n carteles y lonas en que se dar\u00e1n a conocer a la poblaci\u00f3n la problem\u00e1tica actual, por la falta de insumos y dem\u00e1s materiales de trabajo, adem\u00e1s de limpieza y seguridad.<\/p>\n\n\n\n<p>En conferencia de prensa, la representaci\u00f3n sindical pidi\u00f3 tambi\u00e9n una reuni\u00f3n con la Comisi\u00f3n de Salud de la 64 Legislatura del Congreso del Estado.<\/p>\n\n\n\n<p>En tanto que este martes tambi\u00e9n acudir\u00e1n a la sede de la Defensor\u00eda de los Derechos Humanos del Pueblo de Oaxaca para solicitar la presencia de visitadores en los centros laborales, que constaten las condiciones precarias.<\/p>\n\n\n\n<p>En tanto que el mi\u00e9rcoles tendr\u00e1n una reuni\u00f3n de trabajo con el gobernador Alejandro Murat Hinojosa.<\/p>\n\n\n\n<p>Lamentaron la nula atenci\u00f3n del actual titular de los Servicios de Salud, Juan Carlos M\u00e1rquez Heine, y reiteraron que valoran exigir su destituci\u00f3n.<\/p>\n","protected":false},"excerpt":{"rendered":"<p>Redacci\u00f3n\/Zona Roja. Oaxaca de Ju\u00e1rez, Oax., 16 de agosto de 2021.- La situaci\u00f3n en cl\u00ednicas,&hellip;<\/p>\n","protected":false},"author":2,"featured_media":30982,"comment_status":"closed","ping_status":"open","sticky":false,"template":"","format":"standard","meta":{"_lmt_disableupdate":"","_lmt_disable":"","_jetpack_memberships_contains_paid_content":false,"footnotes":""},"categories":[109,47],"tags":[1005],"class_list":["post-30981","post","type-post","status-publish","format-standard","has-post-thumbnail","hentry","category-minuto-a-minuto","category-zona-gris","tag-servicios-de-salud-de-oaxaca-sso"],"jetpack_featured_media_url":"https:\/\/zonaroja.com.mx\/wp-content\/uploads\/2021\/08\/Conferencia-seccion-35.jpg","jetpack_sharing_enabled":true,"_links":{"self":[{"href":"https:\/\/zonaroja.com.mx\/index.php?rest_route=\/wp\/v2\/posts\/30981","targetHints":{"allow":["GET"]}}],"collection":[{"href":"https:\/\/zonaroja.com.mx\/index.php?rest_route=\/wp\/v2\/posts"}],"about":[{"href":"https:\/\/zonaroja.com.mx\/index.php?rest_route=\/wp\/v2\/types\/post"}],"author":[{"embeddable":true,"href":"https:\/\/zonaroja.com.mx\/index.php?rest_route=\/wp\/v2\/users\/2"}],"replies":[{"embeddable":true,"href":"https:\/\/zonaroja.com.mx\/index.php?rest_route=%2Fwp%2Fv2%2Fcomments&post=30981"}],"version-history":[{"count":1,"href":"https:\/\/zonaroja.com.mx\/index.php?rest_route=\/wp\/v2\/posts\/30981\/revisions"}],"predecessor-version":[{"id":30983,"href":"https:\/\/zonaroja.com.mx\/index.php?rest_route=\/wp\/v2\/posts\/30981\/revisions\/30983"}],"wp:featuredmedia":[{"embeddable":true,"href":"https:\/\/zonaroja.com.mx\/index.php?rest_route=\/wp\/v2\/media\/30982"}],"wp:attachment":[{"href":"https:\/\/zonaroja.com.mx\/index.php?rest_route=%2Fwp%2Fv2%2Fmedia&parent=30981"}],"wp:term":[{"taxonomy":"category","embeddable":true,"href":"https:\/\/zonaroja.com.mx\/index.php?rest_route=%2Fwp%2Fv2%2Fcategories&post=30981"},{"taxonomy":"post_tag","embeddable":true,"href":"https:\/\/zonaroja.com.mx\/index.php?rest_route=%2Fwp%2Fv2%2Ftags&post=30981"}],"curies":[{"name":"wp","href":"https:\/\/api.w.org\/{rel}","templated":true}]}}