{"id":30990,"date":"2021-08-17T08:00:41","date_gmt":"2021-08-17T13:00:41","guid":{"rendered":"http:\/\/www.zonaroja.com.mx\/?p=30990"},"modified":"2021-08-16T22:23:07","modified_gmt":"2021-08-17T03:23:07","slug":"con-exposicion-de-arte-mujeres-de-oaxaca-buscan-promover-espacios-seguros","status":"publish","type":"post","link":"https:\/\/zonaroja.com.mx\/?p=30990","title":{"rendered":"Con exposici\u00f3n de arte, mujeres de Oaxaca buscan promover espacios seguros"},"content":{"rendered":"\n<p>Redacci\u00f3n\/Zona Roja.<\/p>\n\n\n\n<p>Oaxaca de Ju\u00e1rez, Oax., 17 de agosto del 2021. Mujeres j\u00f3venes de la organizaci\u00f3n feminista Consorcio Oaxaca y la Colectiva \u201cChicatanas\u201d, con el apoyo de integrantes de \u201cCaminemos. Red de Espacios Seguros para las Mujeres\u201d, realizaron la muestra art\u00edstica \u201cMujeres Creando. Arte-Ciudad-Cambio\u201d, el pasado 14 de agosto.<\/p>\n\n\n\n<p>Elizabeth Mosqueda Rivera, coordinadora del programa de j\u00f3venes y derechos humanos de Consorcio Oaxaca, se\u00f1al\u00f3 durante la inauguraci\u00f3n que la exposici\u00f3n busca abrir un espacio de disfrute y convivencia para las mujeres de la ciudad de Oaxaca.<\/p>\n\n\n\n<p>\u201cUna de las principales afectaciones que hemos visto en las mujeres v\u00edctimas de violencias es dejar de sentirse seguras en los espacios p\u00fablicos y por tanto dejar de habitar la ciudad.<\/p>\n\n\n\n<p>\u201cD\u00eda a d\u00eda enfrentamos una serie de violencias, como por ejemplo el acoso sexual callejero, por lo que dejamos de asistir y participar en actividades recreativas, art\u00edsticas y culturales, cedemos nuestro disfrute, convivencia y articulaci\u00f3n con otras mujeres, por evitar ser atacadas en esos espacios donde realizamos nuestras actividades y nuestros traslados hacia ellos o de vuelta a casa\u201d.<\/p>\n\n\n\n<p>Mosqueda Rivera, asegur\u00f3 que esta exposici\u00f3n es el resultado de un esfuerzo colectivo de las mujeres j\u00f3venes artistas de Oaxaca que aceptaron sumarse. \u201cEs una muestra de la importancia de la colectividad como un impulso para el cambio social\u201d, sentenci\u00f3.<\/p>\n\n\n\n<p>Por su parte, en representaci\u00f3n de las artistas, Ana Xhopa consider\u00f3 que este tipo de actividades permite poner el arte al servicio de las demandas actuales que las mujeres j\u00f3venes viven y adem\u00e1s hermanarnos entre nosotras.<\/p>\n\n\n\n<p>\u201cEn el mundo art\u00edstico, siempre nos se\u00f1alan como mujeres y nos cuestionan s\u00ed lo que hacemos es arte, por eso siento que este espacio de mujeres nos hace sentirnos apoyadas, capaces y fuertes, nos da esa sensaci\u00f3n de seguridad. Las mujeres somos la mitad de la poblaci\u00f3n, somos creadoras de vida, de arte y de cambios\u201c, expres\u00f3 la joven.<\/p>\n\n\n\n<p>Durante la muestra, cada una de las j\u00f3venes present\u00f3 sus obras que expresan diversidad de tem\u00e1ticas como la defensa de la tierra y el territorio, la apropiaci\u00f3n de los cuerpos de las mujeres, el retrato de mujeres reales, entre otras.<\/p>\n\n\n\n<p>Las artistas coincidieron en que su arte es desde la perspectiva de mujeres y j\u00f3venes que observan c\u00f3mo cada d\u00eda asesinan a las mujeres, las violentan en el d\u00eda a d\u00eda, por lo que su arte no est\u00e1 aislado de las situaciones que viven y la convierten en su herramienta y grito de exigencia.<\/p>\n\n\n\n<p>Las artistas participantes fueron: Ana Xhopa, Casandra Casasola, Chila Killa, Dalia Mart\u00ednez, F\u00e1tima CE, Fernanda Menvel, Giovanna Josefina Gregorio S\u00e1nchez, Karely Garc\u00eda. Tambi\u00e9n Lizette Flores, Nadia Carre\u00f1o, Saabianni Labastida, Samantha Poblano, Viviana Lorenzo, Ximena Alc\u00e1zar , Yatin\u00ed Dom\u00ednguez y fotograf\u00edas de Mar\u00eda del Sol Cruz Jarqu\u00edn (\u2020)<\/p>\n\n\n\n<p>La muestra se realiz\u00f3 en \u201cCasa Caracol\u201d ubicada en Jos\u00e9 L\u00f3pez Alavez 702, La Cascada en Oaxaca de Ju\u00e1rez, y que es uno de los negocios locales integrante del proyecto Caminemos, red de espacios seguros para las mujeres que impulsa Consorcio Oaxaca.<\/p>\n\n\n\n<p>Las organizadoras hicieron el llamado a las personas asistentes a disfrutar la exposici\u00f3n, viendo los grandes talentos de las mujeres artistas de Oaxaca, para que llegando a sus casas se queden con las impresiones de las obras, pero al mismo tiempo con las reflexiones sobre la realidad que viven las mujeres en Oaxaca, M\u00e9xico, Latinoam\u00e9rica y en el mundo.<\/p>\n\n\n\n<p>\u201cRecordando que las mujeres, ni\u00f1as y adolescentes tenemos el derecho al espacio p\u00fablico libre de violencia de g\u00e9nero\u201d, dijo Mosqueda Rivera.<\/p>\n\n\n\n<p>Finaliz\u00f3 invitando a las personas a seguir las redes sociales de la Red Caminemos y Consorcio Oaxaca en Instagram y Facebook (@consorciooaxaca ) para conocer m\u00e1s sobre las iniciativas que emprenden.<\/p>\n","protected":false},"excerpt":{"rendered":"<p>Redacci\u00f3n\/Zona Roja. Oaxaca de Ju\u00e1rez, Oax., 17 de agosto del 2021. Mujeres j\u00f3venes de la&hellip;<\/p>\n","protected":false},"author":2,"featured_media":30991,"comment_status":"closed","ping_status":"open","sticky":false,"template":"","format":"standard","meta":{"_lmt_disableupdate":"","_lmt_disable":"","_jetpack_memberships_contains_paid_content":false,"footnotes":""},"categories":[109,46],"tags":[548],"class_list":["post-30990","post","type-post","status-publish","format-standard","has-post-thumbnail","hentry","category-minuto-a-minuto","category-zona-blanca","tag-consorcio-oaxaca"],"jetpack_featured_media_url":"https:\/\/zonaroja.com.mx\/wp-content\/uploads\/2021\/08\/Exposicion-Consorcio-Oaxaca.jpg","jetpack_sharing_enabled":true,"_links":{"self":[{"href":"https:\/\/zonaroja.com.mx\/index.php?rest_route=\/wp\/v2\/posts\/30990","targetHints":{"allow":["GET"]}}],"collection":[{"href":"https:\/\/zonaroja.com.mx\/index.php?rest_route=\/wp\/v2\/posts"}],"about":[{"href":"https:\/\/zonaroja.com.mx\/index.php?rest_route=\/wp\/v2\/types\/post"}],"author":[{"embeddable":true,"href":"https:\/\/zonaroja.com.mx\/index.php?rest_route=\/wp\/v2\/users\/2"}],"replies":[{"embeddable":true,"href":"https:\/\/zonaroja.com.mx\/index.php?rest_route=%2Fwp%2Fv2%2Fcomments&post=30990"}],"version-history":[{"count":1,"href":"https:\/\/zonaroja.com.mx\/index.php?rest_route=\/wp\/v2\/posts\/30990\/revisions"}],"predecessor-version":[{"id":30992,"href":"https:\/\/zonaroja.com.mx\/index.php?rest_route=\/wp\/v2\/posts\/30990\/revisions\/30992"}],"wp:featuredmedia":[{"embeddable":true,"href":"https:\/\/zonaroja.com.mx\/index.php?rest_route=\/wp\/v2\/media\/30991"}],"wp:attachment":[{"href":"https:\/\/zonaroja.com.mx\/index.php?rest_route=%2Fwp%2Fv2%2Fmedia&parent=30990"}],"wp:term":[{"taxonomy":"category","embeddable":true,"href":"https:\/\/zonaroja.com.mx\/index.php?rest_route=%2Fwp%2Fv2%2Fcategories&post=30990"},{"taxonomy":"post_tag","embeddable":true,"href":"https:\/\/zonaroja.com.mx\/index.php?rest_route=%2Fwp%2Fv2%2Ftags&post=30990"}],"curies":[{"name":"wp","href":"https:\/\/api.w.org\/{rel}","templated":true}]}}