{"id":30997,"date":"2021-08-17T07:46:36","date_gmt":"2021-08-17T12:46:36","guid":{"rendered":"http:\/\/www.zonaroja.com.mx\/?p=30997"},"modified":"2021-08-17T08:24:52","modified_gmt":"2021-08-17T13:24:52","slug":"ataca-santiago-mitlatongo-a-santa-cruz-un-herido-y-un-desaparecido","status":"publish","type":"post","link":"https:\/\/zonaroja.com.mx\/?p=30997","title":{"rendered":"Ataca Santiago Mitlatongo a Santa Cruz; un herido y un desaparecido"},"content":{"rendered":"\n<p>Ismael Garc\u00eda M.\/Zona Roja.<\/p>\n\n\n\n<p>Oaxaca de Ju\u00e1rez, Oax., 17 de agosto de 2021.- Las agresiones por un conflicto agrario entre los Mitlatongo resurgieron este lunes.<\/p>\n\n\n\n<p>La localidad de Santiago atac\u00f3 ayer con armas de fuego a sus vecinos de Santa Cruz, lo que dej\u00f3 como saldo preliminar una persona lesionada de bala y otra desaparecida.<\/p>\n\n\n\n<p>As\u00ed lo denunci\u00f3 la autoridad auxiliar de Santa Cruz Mitlatongo, quien a trav\u00e9s de un video expuso que labraban su tierra de cultivos cuando fueron baleados.<\/p>\n\n\n\n<p>Como consecuencia de ello, el teniente de polic\u00eda est\u00e1 desaparecido, mientras que un comunero se encuentra herido de bala.<\/p>\n\n\n\n<p>\u201cHacemos un llamado al gobierno estatal puesto que el Tribunal (Agrario) ha dictado sentencia a nuestro favor, no sabemos por qu\u00e9 la necedad de ellos de quitarnos nuestras tierras, ya estamos cansados, ya estamos hartos.<\/p>\n\n\n\n<p>\u201cUsan las artima\u00f1as para poder quitarnos lo que es nuestro; ya el a\u00f1o pasado tambi\u00e9n nuestra comunidad fue secuestrada, hubo una se\u00f1ora embarazada de alto riesgo y tambi\u00e9n el mismo ex agente municipal y nuestro consejo de vigilancia.<\/p>\n\n\n\n<p>\u201cEstamos hartos de esta injusticia, se valen de ello porque tienen el paso de la carretera federal y ahorita estamos encerrados, hacemos un llamado al gobierno federal, gobierno estatal, para que den una conclusi\u00f3n, agilicen y den una soluci\u00f3n a nuestro problema\u201d, dijo la autoridad auxiliar Mart\u00edn Melquiades Bautista a trav\u00e9s de un video.<\/p>\n\n\n\n<p>Desde hace por lo menos medio siglo, ambos pueblos mantienen un conflicto agrario, que tuvo una pausa tras el desastre natural que origin\u00f3 el hundimiento de los dos pueblos, en el a\u00f1o 2011, y por lo cual fueron reubicados en otro sitio.<\/p>\n\n\n\n<p>En septiembre de 2020, Santiago retuvo a cuatro personas, entre ellas una mujer embarazada, de Santa Cruz; acci\u00f3n similar ocurri\u00f3 en mayo del mismo a\u00f1o, pero con nueve personas.<\/p>\n\n\n\n<p>Santiago Mitlatongo pertenece al municipio de Asunci\u00f3n Nochixtl\u00e1n, mientras que Santa Cruz Mitlatongo a la jurisdicci\u00f3n de Magdalena Jaltepec; disputan alrededor de mil 90 hect\u00e1reas.<\/p>\n","protected":false},"excerpt":{"rendered":"<p>Ismael Garc\u00eda M.\/Zona Roja. Oaxaca de Ju\u00e1rez, Oax., 17 de agosto de 2021.- Las agresiones&hellip;<\/p>\n","protected":false},"author":2,"featured_media":12148,"comment_status":"closed","ping_status":"open","sticky":false,"template":"","format":"standard","meta":{"_lmt_disableupdate":"","_lmt_disable":"","_jetpack_memberships_contains_paid_content":false,"footnotes":""},"categories":[109,47],"tags":[1666],"class_list":["post-30997","post","type-post","status-publish","format-standard","has-post-thumbnail","hentry","category-minuto-a-minuto","category-zona-gris","tag-santiago-mitlatongo"],"jetpack_featured_media_url":"https:\/\/zonaroja.com.mx\/wp-content\/uploads\/2020\/05\/Santiago-Mitlatongo.jpg","jetpack_sharing_enabled":true,"_links":{"self":[{"href":"https:\/\/zonaroja.com.mx\/index.php?rest_route=\/wp\/v2\/posts\/30997","targetHints":{"allow":["GET"]}}],"collection":[{"href":"https:\/\/zonaroja.com.mx\/index.php?rest_route=\/wp\/v2\/posts"}],"about":[{"href":"https:\/\/zonaroja.com.mx\/index.php?rest_route=\/wp\/v2\/types\/post"}],"author":[{"embeddable":true,"href":"https:\/\/zonaroja.com.mx\/index.php?rest_route=\/wp\/v2\/users\/2"}],"replies":[{"embeddable":true,"href":"https:\/\/zonaroja.com.mx\/index.php?rest_route=%2Fwp%2Fv2%2Fcomments&post=30997"}],"version-history":[{"count":2,"href":"https:\/\/zonaroja.com.mx\/index.php?rest_route=\/wp\/v2\/posts\/30997\/revisions"}],"predecessor-version":[{"id":31002,"href":"https:\/\/zonaroja.com.mx\/index.php?rest_route=\/wp\/v2\/posts\/30997\/revisions\/31002"}],"wp:featuredmedia":[{"embeddable":true,"href":"https:\/\/zonaroja.com.mx\/index.php?rest_route=\/wp\/v2\/media\/12148"}],"wp:attachment":[{"href":"https:\/\/zonaroja.com.mx\/index.php?rest_route=%2Fwp%2Fv2%2Fmedia&parent=30997"}],"wp:term":[{"taxonomy":"category","embeddable":true,"href":"https:\/\/zonaroja.com.mx\/index.php?rest_route=%2Fwp%2Fv2%2Fcategories&post=30997"},{"taxonomy":"post_tag","embeddable":true,"href":"https:\/\/zonaroja.com.mx\/index.php?rest_route=%2Fwp%2Fv2%2Ftags&post=30997"}],"curies":[{"name":"wp","href":"https:\/\/api.w.org\/{rel}","templated":true}]}}