{"id":31003,"date":"2021-08-17T09:34:57","date_gmt":"2021-08-17T14:34:57","guid":{"rendered":"http:\/\/www.zonaroja.com.mx\/?p=31003"},"modified":"2021-08-17T09:35:00","modified_gmt":"2021-08-17T14:35:00","slug":"narcotrafico-corrupcion-y-crimen-organizado-entorno-de-asesinato-de-claudia-peimbert","status":"publish","type":"post","link":"https:\/\/zonaroja.com.mx\/?p=31003","title":{"rendered":"Narcotr\u00e1fico, corrupci\u00f3n y crimen organizado, entorno de asesinato de Claudia: Peimbert"},"content":{"rendered":"\n<p>Redacci\u00f3n\/Zona Roja.<\/p>\n\n\n\n<p>Oaxaca de Ju\u00e1rez, Oax., 17 de agosto de 2021.- Asunci\u00f3n Nochixtl\u00e1n pervive entre crimen organizado, con tr\u00e1fico de migrantes y drogas; violencia a ra\u00edz de los hechos de 2016, corrupci\u00f3n y opacidad de la autoridad municipal.<\/p>\n\n\n\n<p>Ese fue el entorno en que fue asesinada Claudia Uruchurtu Cruz y que describi\u00f3 Arturo Peimbert Calvo, fiscal General del Estado de Oaxaca, en una amplia entrevista con el diario \u201cLa Jornada\u201d, publicada ayer bajo la firma de Luis Hern\u00e1ndez Navarro.<\/p>\n\n\n\n<p>\u201cLa dificultad en este caso no es pol\u00edtica, sino delincuencial. Nochixtl\u00e1n representa un inter\u00e9s muy importante para los criminales: es la entrada de la Mixteca, la m\u00e1s importante.<\/p>\n\n\n\n<p>\u201cSon rutas para el trasiego de drogas o de narc\u00f3ticos, armas, autos robados y migrantes. Es una red muy articulada que permite el tr\u00e1nsito no detectable hacia Guerrero y Puebla, en la que se mueven intereses sumamente poderosos en t\u00e9rminos econ\u00f3micos. La Costa de Oaxaca, desde Guerrero hasta Chiapas, es un corredor muy relevante para esos intereses pero, como tienen tanta carga de tr\u00e1fico, necesitan rutas efectivas. La Mixteca es perfecta para ellos\u201d, dijo.<\/p>\n\n\n\n<p>La activista desaparecida el 26 de marzo de este a\u00f1o en Asunci\u00f3n Nochixtl\u00e1n, fue asesinada de esta manera, seg\u00fan el fiscal:<\/p>\n\n\n\n<p>\u201c\u2019Centinela\u2019 es el encargado de la seguridad y de desaparecer y ejecutar a Claudia Uruchurtu.<\/p>\n\n\n\n<p>\u201c\u2019Centinela\u2019 da instrucciones a otro funcionario. \u00c9ste toma una camioneta, se asegura de que lleve un arma y siguen a Claudia. En un punto que consideran ciego, la golpean y la suben a una pick up peque\u00f1a de modelo reciente. Conducen fuera de la comunidad, 13 o 14 kil\u00f3metros rumbo a la monta\u00f1a, hasta un punto lim\u00edtrofe.<\/p>\n\n\n\n<p>\u201c&#8217;Centinela&#8217; pide al chofer que vigile mientras \u00e9l baja a Claudia a golpes. La pasa a una pluma que divide una comunidad de otra. All\u00ed, la ejecuta de tres tiros. Hay una alerta de que pueden estar siendo observados y deciden huir, abandonando el cuerpo.\u201d<\/p>\n\n\n\n<p>De los antecedentes de Claudia Uruchurtu detalla:<\/p>\n\n\n\n<p>\u201cClaudia era una nochixteca que vivi\u00f3 un tiempo en Europa. Sus hermanas tienen doble nacionalidad, inglesas-mexicanas, muy relevantes por sus aportes en la ciencia y la arquitectura. Claudia vivi\u00f3 con ellas. Se estuvo reponiendo de un c\u00e1ncer muy grave, que logr\u00f3 vencer. Es cuando decide regresar a su tierra, Nochixtl\u00e1n, Oaxaca.<\/p>\n\n\n\n<p>\u201cHab\u00eda vivido all\u00ed de ni\u00f1a, su madre ah\u00ed sigue. Retorna hace tres a\u00f1os, para recuperarse del c\u00e1ncer, atender con mayor calidad a su hijo por el padecimiento que tiene y estar cerca en la vejez de su madre.<\/p>\n\n\n\n<p>\u201cLe toca a ella vivir un Nochixtl\u00e1n herido por la matanza contra la poblaci\u00f3n que ejerci\u00f3 la Polic\u00eda Federal, y las polic\u00edas municipal y estatal. Las secuelas de esa masacre perviven. Desde el 19 de junio de 2016 a la fecha no hay detenidos, ni responsables, ni judicializaci\u00f3n alguna. Existen declaraciones de personajes relevantes de la vida p\u00fablica, pero el hecho sigue impune. Ello ha deteriorado la vida comunitaria.<\/p>\n\n\n\n<p>\u201cAcostumbrada a vivir en libertad, como en Inglaterra, le llama la atenci\u00f3n la corrupci\u00f3n y deficiencia de servicios. Se hace objetora de conciencia. Critica y se\u00f1ala errores en la administraci\u00f3n p\u00fablica municipal.<\/p>\n\n\n\n<p>\u201cLa Mixteca es una de las regiones m\u00e1s pobres del pa\u00eds. Nochixtl\u00e1n tiene uno de los presupuestos m\u00e1s altos dentro de la regi\u00f3n. La alcaldesa de Morena (Lizbeth N.), es se\u00f1alada permanentemente por Claudia. Ella denuncia desfalcos y omisiones a la administraci\u00f3n municipal y documenta desv\u00edos, ilegalidades e irregularidades por millones de pesos. Lo hace ante los \u00f3rganos electorales de Oaxaca y la Auditor\u00eda Superior de la Federaci\u00f3n\u201d.<\/p>\n\n\n\n<p>Aqu\u00ed la entrevista completa de \u201cLa Jornada\u201d:<\/p>\n\n\n\n<figure class=\"wp-block-embed\"><div class=\"wp-block-embed__wrapper\">\nhttps:\/\/jornada.com.mx\/2021\/08\/16\/politica\/010e1pol\n<\/div><\/figure>\n","protected":false},"excerpt":{"rendered":"<p>Redacci\u00f3n\/Zona Roja. Oaxaca de Ju\u00e1rez, Oax., 17 de agosto de 2021.- Asunci\u00f3n Nochixtl\u00e1n pervive entre&hellip;<\/p>\n","protected":false},"author":2,"featured_media":31004,"comment_status":"closed","ping_status":"open","sticky":false,"template":"","format":"standard","meta":{"_lmt_disableupdate":"","_lmt_disable":"","_jetpack_memberships_contains_paid_content":false,"footnotes":""},"categories":[109,47],"tags":[2532,2582],"class_list":["post-31003","post","type-post","status-publish","format-standard","has-post-thumbnail","hentry","category-minuto-a-minuto","category-zona-gris","tag-arturo-peimbert-calvo","tag-claudia-uruchurtu-cruz"],"jetpack_featured_media_url":"https:\/\/zonaroja.com.mx\/wp-content\/uploads\/2021\/08\/Arturo-Peimbert-Calvo.jpg","jetpack_sharing_enabled":true,"_links":{"self":[{"href":"https:\/\/zonaroja.com.mx\/index.php?rest_route=\/wp\/v2\/posts\/31003","targetHints":{"allow":["GET"]}}],"collection":[{"href":"https:\/\/zonaroja.com.mx\/index.php?rest_route=\/wp\/v2\/posts"}],"about":[{"href":"https:\/\/zonaroja.com.mx\/index.php?rest_route=\/wp\/v2\/types\/post"}],"author":[{"embeddable":true,"href":"https:\/\/zonaroja.com.mx\/index.php?rest_route=\/wp\/v2\/users\/2"}],"replies":[{"embeddable":true,"href":"https:\/\/zonaroja.com.mx\/index.php?rest_route=%2Fwp%2Fv2%2Fcomments&post=31003"}],"version-history":[{"count":1,"href":"https:\/\/zonaroja.com.mx\/index.php?rest_route=\/wp\/v2\/posts\/31003\/revisions"}],"predecessor-version":[{"id":31005,"href":"https:\/\/zonaroja.com.mx\/index.php?rest_route=\/wp\/v2\/posts\/31003\/revisions\/31005"}],"wp:featuredmedia":[{"embeddable":true,"href":"https:\/\/zonaroja.com.mx\/index.php?rest_route=\/wp\/v2\/media\/31004"}],"wp:attachment":[{"href":"https:\/\/zonaroja.com.mx\/index.php?rest_route=%2Fwp%2Fv2%2Fmedia&parent=31003"}],"wp:term":[{"taxonomy":"category","embeddable":true,"href":"https:\/\/zonaroja.com.mx\/index.php?rest_route=%2Fwp%2Fv2%2Fcategories&post=31003"},{"taxonomy":"post_tag","embeddable":true,"href":"https:\/\/zonaroja.com.mx\/index.php?rest_route=%2Fwp%2Fv2%2Ftags&post=31003"}],"curies":[{"name":"wp","href":"https:\/\/api.w.org\/{rel}","templated":true}]}}