{"id":31009,"date":"2021-08-17T16:13:10","date_gmt":"2021-08-17T21:13:10","guid":{"rendered":"http:\/\/www.zonaroja.com.mx\/?p=31009"},"modified":"2021-08-17T16:13:14","modified_gmt":"2021-08-17T21:13:14","slug":"reclaman-diputados-docilidad-de-fredie-delfin-ante-el-pri","status":"publish","type":"post","link":"https:\/\/zonaroja.com.mx\/?p=31009","title":{"rendered":"Reclaman diputados docilidad de Fredie Delf\u00edn ante el PRI"},"content":{"rendered":"\n<p>Evlin Arag\u00f3n\/Zona Roja.<\/p>\n\n\n\n<p>Oaxaca de Ju\u00e1rez, Oax., 17 de agosto de 2021.- Diputadas y diputados de los partidos Morena, Acci\u00f3n Nacional y Verde Ecologista de M\u00e9xico, se manifestaron hoy en contra de la decisi\u00f3n unilateral tomada por el presidente de la Junta de Coordinaci\u00f3n Pol\u00edtica, Fredie Delf\u00edn Avenda\u00f1o, al cancelar las comparecencias de secretarios de Estado, programadas para este martes 17 de agosto.&nbsp;&nbsp;<\/p>\n\n\n\n<p>En una reuni\u00f3n al interior del Congreso local, el diputado Mauro Cruz S\u00e1nchez, indic\u00f3 que el pueblo merece saber c\u00f3mo est\u00e1n las finanzas p\u00fablicas del estado, de ah\u00ed que solicitaron la comparecencia de los funcionarios encargados de aplicar los tres mil 500 millones de pesos de deuda p\u00fablica aprobados en 2019 por el Poder Legislativo.<\/p>\n\n\n\n<p>\u201cLos legisladores y legisladoras no tenemos claro en que se han gastado los tres mil 500 millones de pesos autorizados, adem\u00e1s, tenemos conocimiento que las obras a las que se asign\u00f3 parte del presupuesto est\u00e1n superinfladas\u201d, dijo el morenista.<\/p>\n\n\n\n<p>En este sentido, reiter\u00f3 que la ciudadana debe tener la informaci\u00f3n precisa y clara de c\u00f3mo se est\u00e1 gastando cada peso que est\u00e1 saliendo del refinanciamiento, de ah\u00ed la necesidad de escuchar a los funcionarios responsables de las finanzas y la obra p\u00fablica.&nbsp;&nbsp;<\/p>\n\n\n\n<p>Por ello reclam\u00f3 no haber sido tomados en cuenta en la decisi\u00f3n de suspender las comparecencias, determinaci\u00f3n que fue exclusiva de Fredie Delf\u00edn Avenda\u00f1o, toda vez que hay integrantes de la Junta de Coordinaci\u00f3n Pol\u00edtica, que ni siquiera fueron siquiera notificados al respecto.&nbsp;&nbsp;&nbsp;<\/p>\n\n\n\n<p>\u201cS\u00ed lamento mucho que no nos hayan informado de la intenci\u00f3n de suspender las comparecencias. Se supone que la decisi\u00f3n ten\u00eda que tomarse al interior de la Jucopo pero hay compa\u00f1eras y compa\u00f1eros que forman parte de junta y no fueron notificados\u201d, dijo.<\/p>\n\n\n\n<p>En este mismo sentido, indic\u00f3 que al interior del Congreso no pueden ser comparsa en el tema de la corrupci\u00f3n, de ah\u00ed que insisti\u00f3 en la necesidad de que los funcionarios rindan cuentas no s\u00f3lo ante el pleno, sino tambi\u00e9n ante la ciudadan\u00eda que merecer saber el destino de los recursos.&nbsp;<\/p>\n\n\n\n<p>Finalmente, cuestion\u00f3 el video difundido el domingo pasado por la CORTV, en donde Vicente Mendoza, secretario de Finanzas, asegur\u00f3 que las finanzas p\u00fablicas van muy bien en Oaxaca, cuando la realidad es completamente opuesta.&nbsp;<\/p>\n\n\n\n<p>Fue apenas este lunes que se dio a conocer el aplazamiento de las comparecencias, decisi\u00f3n que fue tomada por la Mesa Directiva y la Junta de Coordinaci\u00f3n Pol\u00edtica de la LXIV Legislatura Local, de acuerdo con el comunicado emitido en las redes sociales.<\/p>\n\n\n\n<p>Lo anterior priorizando la salud de congresistas, personal del Poder Legislativo, secretarios de Estado y dem\u00e1s personal administrativo de las dependencias, a consecuencia de la pandemia provocada por la Covid-19.<\/p>\n\n\n\n<p>De acuerdo con el comunicado, ser\u00e1 en sesi\u00f3n de este mi\u00e9rcoles 18 de agosto, cuando el Pleno Parlamentario apruebe las nuevas fechas para el desarrollo de las comparecencias de las dependencias antes se\u00f1aladas.<\/p>\n","protected":false},"excerpt":{"rendered":"<p>Evlin Arag\u00f3n\/Zona Roja. Oaxaca de Ju\u00e1rez, Oax., 17 de agosto de 2021.- Diputadas y diputados&hellip;<\/p>\n","protected":false},"author":2,"featured_media":31010,"comment_status":"closed","ping_status":"open","sticky":false,"template":"","format":"standard","meta":{"_lmt_disableupdate":"","_lmt_disable":"","_jetpack_memberships_contains_paid_content":false,"footnotes":""},"categories":[109,47],"tags":[213],"class_list":["post-31009","post","type-post","status-publish","format-standard","has-post-thumbnail","hentry","category-minuto-a-minuto","category-zona-gris","tag-64-legislatura-de-oaxaca"],"jetpack_featured_media_url":"https:\/\/zonaroja.com.mx\/wp-content\/uploads\/2021\/08\/Rebelion-diputados-Oaxacaa.jpg","jetpack_sharing_enabled":true,"_links":{"self":[{"href":"https:\/\/zonaroja.com.mx\/index.php?rest_route=\/wp\/v2\/posts\/31009","targetHints":{"allow":["GET"]}}],"collection":[{"href":"https:\/\/zonaroja.com.mx\/index.php?rest_route=\/wp\/v2\/posts"}],"about":[{"href":"https:\/\/zonaroja.com.mx\/index.php?rest_route=\/wp\/v2\/types\/post"}],"author":[{"embeddable":true,"href":"https:\/\/zonaroja.com.mx\/index.php?rest_route=\/wp\/v2\/users\/2"}],"replies":[{"embeddable":true,"href":"https:\/\/zonaroja.com.mx\/index.php?rest_route=%2Fwp%2Fv2%2Fcomments&post=31009"}],"version-history":[{"count":1,"href":"https:\/\/zonaroja.com.mx\/index.php?rest_route=\/wp\/v2\/posts\/31009\/revisions"}],"predecessor-version":[{"id":31011,"href":"https:\/\/zonaroja.com.mx\/index.php?rest_route=\/wp\/v2\/posts\/31009\/revisions\/31011"}],"wp:featuredmedia":[{"embeddable":true,"href":"https:\/\/zonaroja.com.mx\/index.php?rest_route=\/wp\/v2\/media\/31010"}],"wp:attachment":[{"href":"https:\/\/zonaroja.com.mx\/index.php?rest_route=%2Fwp%2Fv2%2Fmedia&parent=31009"}],"wp:term":[{"taxonomy":"category","embeddable":true,"href":"https:\/\/zonaroja.com.mx\/index.php?rest_route=%2Fwp%2Fv2%2Fcategories&post=31009"},{"taxonomy":"post_tag","embeddable":true,"href":"https:\/\/zonaroja.com.mx\/index.php?rest_route=%2Fwp%2Fv2%2Ftags&post=31009"}],"curies":[{"name":"wp","href":"https:\/\/api.w.org\/{rel}","templated":true}]}}