{"id":31012,"date":"2021-08-17T16:20:50","date_gmt":"2021-08-17T21:20:50","guid":{"rendered":"http:\/\/www.zonaroja.com.mx\/?p=31012"},"modified":"2021-08-17T16:20:53","modified_gmt":"2021-08-17T21:20:53","slug":"recula-otra-vez-amlo-dice-que-carta-de-responsiva-no-sera-obligatoria","status":"publish","type":"post","link":"https:\/\/zonaroja.com.mx\/?p=31012","title":{"rendered":"Recula otra vez AMLO; dice que carta de responsiva no ser\u00e1 obligatoria"},"content":{"rendered":"\n<p>Redacci\u00f3n\/Zona Roja Cdmx.<\/p>\n\n\n\n<p>Ciudad de M\u00e9xico, 17 de agosto de 2021.- Primero se desdijo acerca del regreso obligatorio a clases en todo el pa\u00eds, a partir del 30 de agosto, y ahora de la firma de una carta responsiva por parte de padres de familia.<\/p>\n\n\n\n<p>El Presidente Andr\u00e9s Manuel L\u00f3pez Obrador inform\u00f3 este martes que la carta compromiso en la que los padres de familia autorizan el regreso a clases presenciales de los menores de edad no ser\u00e1 obligatoria.<\/p>\n\n\n\n<p>Durante su conferencia matutina, reiter\u00f3 que se prepara el regreso a clases presenciales pero insisti\u00f3 en que \u00e9ste ser\u00e1 voluntario. \u201cSi no quieren llevar a los ni\u00f1os a la escuela no hay ning\u00fan problema, va a seguir habiendo clases por televisi\u00f3n y por internet\u201d, asegur\u00f3.<\/p>\n\n\n\n<p>\u201cNosotros aqu\u00ed tenemos que enfrentar esta concepci\u00f3n burocr\u00e1tica, autoritaria que se hered\u00f3 del periodo neoliberal, entonces \u00bfustedes creen que yo tuve que ver con la carta? Pues no, si me hubiesen consultado, hubiese dicho no, somos libres, prohibido prohibir\u201d, dijo desde Palacio Nacional.<\/p>\n\n\n\n<p>Coment\u00f3 que, de haberle informado sobre la carta responsiva para autorizar el regreso a clases presenciales por parte de los padres, \u00e9l se habr\u00eda opuesto, y que forma parte de la burocracia heredada que enfrenta su gobierno.<\/p>\n\n\n\n<p>Sobre el rechazo de la Coordinadora Nacional de Trabajadores de la Educaci\u00f3n (CNTE) al regreso a clases presenciales, el presidente dijo que la Secretar\u00eda de Educaci\u00f3n P\u00fablica (SEP) dialoga con todos y est\u00e1 abierta a escuchar a todos.<\/p>\n\n\n\n<p>La CNTE, que agrupa a cerca de 500 mil docentes a lo largo de todo el pa\u00eds, dio a conocer que acatar\u00e1 el inicio del ciclo escolar el pr\u00f3ximo 30 de agosto de manera responsable, aunque no de forma presencial.<\/p>\n\n\n\n<p>Reiter\u00f3 que su regreso a las clases presenciales ser\u00e1 cuando las condiciones de la pandemia lo permitan, es decir, cuando desciendan los contagios y existan los recursos necesarios en las escuelas para resarcir da\u00f1os graves; as\u00ed como incluir en el plan de vacunaci\u00f3n a los ni\u00f1os de 12 a\u00f1os en adelante.<\/p>\n\n\n\n<p>El pasado 12 de agosto la SEP anunci\u00f3 que solicitar\u00e1 a los padres de familia una carta compromiso de corresponsabilidad, donde \u00e9stos, en caso de autorizar el regreso de sus hijos a la escuela, se comprometen a revisar diariamente posibles signos o s\u00edntomas de Covid-19.<\/p>\n\n\n\n<p>Seg\u00fan el documento deber\u00e1n mantener al menor en casa en caso de presentar s\u00edntomas de Covid-19, llevarlo a atenci\u00f3n m\u00e9dica en caso de s\u00edntomas, informar a la escuela sobre los resultados m\u00e9dicos, adem\u00e1s de aplicar medidas sanitarias y promover h\u00e1bitos de higiene.<\/p>\n\n\n\n<p>(Informaci\u00f3n de \u201cEl Economista\u201d)<\/p>\n","protected":false},"excerpt":{"rendered":"<p>Redacci\u00f3n\/Zona Roja Cdmx. Ciudad de M\u00e9xico, 17 de agosto de 2021.- Primero se desdijo acerca&hellip;<\/p>\n","protected":false},"author":2,"featured_media":31013,"comment_status":"closed","ping_status":"open","sticky":false,"template":"","format":"standard","meta":{"_lmt_disableupdate":"","_lmt_disable":"","_jetpack_memberships_contains_paid_content":false,"footnotes":""},"categories":[109,47],"tags":[143],"class_list":["post-31012","post","type-post","status-publish","format-standard","has-post-thumbnail","hentry","category-minuto-a-minuto","category-zona-gris","tag-andres-manuel-lopez-obrador"],"jetpack_featured_media_url":"https:\/\/zonaroja.com.mx\/wp-content\/uploads\/2021\/08\/Andres-Manuel-Lopez-Obrador.jpg","jetpack_sharing_enabled":true,"_links":{"self":[{"href":"https:\/\/zonaroja.com.mx\/index.php?rest_route=\/wp\/v2\/posts\/31012","targetHints":{"allow":["GET"]}}],"collection":[{"href":"https:\/\/zonaroja.com.mx\/index.php?rest_route=\/wp\/v2\/posts"}],"about":[{"href":"https:\/\/zonaroja.com.mx\/index.php?rest_route=\/wp\/v2\/types\/post"}],"author":[{"embeddable":true,"href":"https:\/\/zonaroja.com.mx\/index.php?rest_route=\/wp\/v2\/users\/2"}],"replies":[{"embeddable":true,"href":"https:\/\/zonaroja.com.mx\/index.php?rest_route=%2Fwp%2Fv2%2Fcomments&post=31012"}],"version-history":[{"count":1,"href":"https:\/\/zonaroja.com.mx\/index.php?rest_route=\/wp\/v2\/posts\/31012\/revisions"}],"predecessor-version":[{"id":31014,"href":"https:\/\/zonaroja.com.mx\/index.php?rest_route=\/wp\/v2\/posts\/31012\/revisions\/31014"}],"wp:featuredmedia":[{"embeddable":true,"href":"https:\/\/zonaroja.com.mx\/index.php?rest_route=\/wp\/v2\/media\/31013"}],"wp:attachment":[{"href":"https:\/\/zonaroja.com.mx\/index.php?rest_route=%2Fwp%2Fv2%2Fmedia&parent=31012"}],"wp:term":[{"taxonomy":"category","embeddable":true,"href":"https:\/\/zonaroja.com.mx\/index.php?rest_route=%2Fwp%2Fv2%2Fcategories&post=31012"},{"taxonomy":"post_tag","embeddable":true,"href":"https:\/\/zonaroja.com.mx\/index.php?rest_route=%2Fwp%2Fv2%2Ftags&post=31012"}],"curies":[{"name":"wp","href":"https:\/\/api.w.org\/{rel}","templated":true}]}}