{"id":31020,"date":"2021-08-18T07:42:46","date_gmt":"2021-08-18T12:42:46","guid":{"rendered":"http:\/\/www.zonaroja.com.mx\/?p=31020"},"modified":"2021-08-17T21:46:42","modified_gmt":"2021-08-18T02:46:42","slug":"inician-distribucion-de-7-5-millones-de-libros-de-texto-gratuitos","status":"publish","type":"post","link":"https:\/\/zonaroja.com.mx\/?p=31020","title":{"rendered":"Inician distribuci\u00f3n de 7.5 millones de Libros de Texto Gratuitos"},"content":{"rendered":"\n<p>Redacci\u00f3n\/Zona Roja.<\/p>\n\n\n\n<p>Oaxaca de Ju\u00e1rez, Oax., &nbsp;18 de agosto de 2021.- Con la representaci\u00f3n del gobernador Alejandro Murat Hinojosa, el director general del Instituto Estatal de Educaci\u00f3n P\u00fablica de Oaxaca (IEEPO), Francisco \u00c1ngel Villarreal, junto con la directora general de la Comisi\u00f3n Nacional de Libros de Texto Gratuitos (Conaliteg), Victoria Guill\u00e9n \u00c1lvarez, dieron inicio a la distribuci\u00f3n de m\u00e1s de siete millones de libros de texto gratuitos que ser\u00e1n utilizados por 953 mil 712 estudiantes de educaci\u00f3n b\u00e1sica, en el ciclo escolar 2021-2022.<\/p>\n\n\n\n<p>Con las medidas y protocolos sanitarios establecidos por la autoridad federal y local para cuidar la salud y la vida, en el Almac\u00e9n Central se realiz\u00f3 el banderazo de salida a los veh\u00edculos que garantizar\u00e1n una distribuci\u00f3n oportuna del material educativo en las escuelas de toda la entidad.<\/p>\n\n\n\n<p>Ante el presidente municipal de San Agust\u00edn de las Juntas, Celso Ambrosio P\u00e9rez Torres, funcionarios de la Conaliteg, representantes de comit\u00e9s de padres de familia y directores de planteles educativos, el Director General del IEEPO se\u00f1al\u00f3 que por la contingencia sanitaria se realiz\u00f3 la desinfecci\u00f3n de los paquetes de libros de texto y se seguir\u00e1n los protocolos correspondientes en todo el proceso de entrega.<\/p>\n\n\n\n<p>Reiter\u00f3 que en Oaxaca el inicio del ciclo escolar 2021-2022 ser\u00e1 acorde a las condiciones de cada una de las comunidades y como se ha manifestado, con el consenso con los sectores involucrados en el tema. \u201cEn conjunto tomaremos las mejores decisiones a favor de las ni\u00f1as ni\u00f1os quienes son el centro del proceso educativo\u201d, puntualiz\u00f3.<\/p>\n\n\n\n<p>Por su parte, la Directora General de la Conaliteg, mencion\u00f3 que la educaci\u00f3n tiene que ser incluyente y universal; por ello, en conjunto con la Direcci\u00f3n General de Educaci\u00f3n Ind\u00edgena se adaptaron en lenguas ind\u00edgenas algunos textos con el prop\u00f3sito de salvaguardar la identidad y cultura de los pueblos y que nadie se quede sin material educativo.<\/p>\n\n\n\n<figure class=\"wp-block-embed-twitter wp-block-embed is-type-rich is-provider-twitter\"><div class=\"wp-block-embed__wrapper\">\n<div class=\"twitter-tweet\"><blockquote class=\"twitter-tweet\" data-lang=\"es\"><p lang=\"es\" dir=\"ltr\"><a href=\"https:\/\/twitter.com\/hashtag\/%C3%9AltimoMinuto?src=hash&amp;ref_src=twsrc%5Etfw\">#\u00daltimoMinuto<\/a> <br>Este martes, el director del <a href=\"https:\/\/twitter.com\/IEEPOGobOax?ref_src=twsrc%5Etfw\">@IEEPOGobOax<\/a>, <a href=\"https:\/\/twitter.com\/VillarrealPaco?ref_src=twsrc%5Etfw\">@VillarrealPaco<\/a>, encabez\u00f3 el acto de banderazo de salida para la distribuci\u00f3n de Libros de Texto Gratuitos del ciclo escolar 2021- 2022, acompa\u00f1ado por la directora de <a href=\"https:\/\/twitter.com\/Conaliteg?ref_src=twsrc%5Etfw\">@Conaliteg<\/a>, Victoria Guill\u00e9n \u00c1lvarez. <a href=\"https:\/\/t.co\/ccIA8tlw4V\">pic.twitter.com\/ccIA8tlw4V<\/a><\/p>&mdash; Zona Roja Oaxaca (@Zona_Roja_Oax) <a href=\"https:\/\/twitter.com\/Zona_Roja_Oax\/status\/1427728340102823937?ref_src=twsrc%5Etfw\">17 de agosto de 2021<\/a><\/blockquote><\/div>\n<\/div><\/figure>\n\n\n\n<p>Reconoci\u00f3 la tarea del gobierno de Oaxaca para que los paquetes lleguen a sus destinos en cada una de las ocho regiones del estado, algunas de ellas con dif\u00edcil orograf\u00eda e indic\u00f3 que en este periodo de pandemia que se vive, los libros de texto han tomado un papel fundamental para la educaci\u00f3n y han sido revalorados al igual que la labor de las maestras y maestros.&nbsp;<\/p>\n\n\n\n<p>En total, la Comisi\u00f3n Nacional de Libros de Texto Gratuitos, asign\u00f3 a Oaxaca siete millones 469 mil 194 de libros de texto y material educativo para 953 mil 712 alumnos de planteles de educaci\u00f3n b\u00e1sica, y garantizar una educaci\u00f3n integral, al ser estas herramientas la base y eje para el desarrollo acad\u00e9mico de las y los estudiantes.<\/p>\n\n\n\n<p>Para Preescolar se entregar\u00e1n 469 mil 259 textos; a Primaria 3 millones 642 mil 575 libros; a Secundaria 987 mil 587 y a Telesecundaria 820 mil 274 libros de texto gratuitos. Como complemento educativo se distribuir\u00e1n 791 mil 119 ejemplares de \u201cLas aventuras de Dulce Clarita\u201d, el Libro de salud integral para casa j\u00f3venes (Primaria y Secundaria), \u201cSomos el cambio\u201d; \u201cHasta que los kilos nos alcancen\u201d y material de apoyo P5PNA.<\/p>\n\n\n\n<p>Tambi\u00e9n se repartir\u00e1n 758 mil 380 textos de Educaci\u00f3n Ind\u00edgena; del Programa Nacional de Convivencia Escolar, el Programa Nacional de Ingl\u00e9s y de Telebachillerato etapa 1 y 2.&nbsp; En el caso de educaci\u00f3n especial se distribuyen ejemplares en formato Braille y&nbsp; en Macrotipo.<\/p>\n\n\n\n<p>En el evento, de manera simb\u00f3lica, la Directora General de la Conaliteg y el Director del IEEPO, hicieron entrega de tres paquetes de libros a los directores de la Escuela Primaria \u201cVicente Guerrero\u201d de Santa Mar\u00eda El Tule; la Escuela Secundaria T\u00e9cnica No. 252 y la Escuela Telesencundaria La Ca\u00f1ada, de Santa Mar\u00eda Atzompa.<\/p>\n","protected":false},"excerpt":{"rendered":"<p>Redacci\u00f3n\/Zona Roja. Oaxaca de Ju\u00e1rez, Oax., &nbsp;18 de agosto de 2021.- Con la representaci\u00f3n del&hellip;<\/p>\n","protected":false},"author":2,"featured_media":31021,"comment_status":"closed","ping_status":"open","sticky":false,"template":"","format":"standard","meta":{"_lmt_disableupdate":"","_lmt_disable":"","_jetpack_memberships_contains_paid_content":false,"footnotes":""},"categories":[109,46],"tags":[2837],"class_list":["post-31020","post","type-post","status-publish","format-standard","has-post-thumbnail","hentry","category-minuto-a-minuto","category-zona-blanca","tag-instituto-estatal-de-educacion-publica-de-oaxaca-ieepo"],"jetpack_featured_media_url":"https:\/\/zonaroja.com.mx\/wp-content\/uploads\/2021\/08\/04-IEEPO-LIBROS.jpg","jetpack_sharing_enabled":true,"_links":{"self":[{"href":"https:\/\/zonaroja.com.mx\/index.php?rest_route=\/wp\/v2\/posts\/31020","targetHints":{"allow":["GET"]}}],"collection":[{"href":"https:\/\/zonaroja.com.mx\/index.php?rest_route=\/wp\/v2\/posts"}],"about":[{"href":"https:\/\/zonaroja.com.mx\/index.php?rest_route=\/wp\/v2\/types\/post"}],"author":[{"embeddable":true,"href":"https:\/\/zonaroja.com.mx\/index.php?rest_route=\/wp\/v2\/users\/2"}],"replies":[{"embeddable":true,"href":"https:\/\/zonaroja.com.mx\/index.php?rest_route=%2Fwp%2Fv2%2Fcomments&post=31020"}],"version-history":[{"count":1,"href":"https:\/\/zonaroja.com.mx\/index.php?rest_route=\/wp\/v2\/posts\/31020\/revisions"}],"predecessor-version":[{"id":31022,"href":"https:\/\/zonaroja.com.mx\/index.php?rest_route=\/wp\/v2\/posts\/31020\/revisions\/31022"}],"wp:featuredmedia":[{"embeddable":true,"href":"https:\/\/zonaroja.com.mx\/index.php?rest_route=\/wp\/v2\/media\/31021"}],"wp:attachment":[{"href":"https:\/\/zonaroja.com.mx\/index.php?rest_route=%2Fwp%2Fv2%2Fmedia&parent=31020"}],"wp:term":[{"taxonomy":"category","embeddable":true,"href":"https:\/\/zonaroja.com.mx\/index.php?rest_route=%2Fwp%2Fv2%2Fcategories&post=31020"},{"taxonomy":"post_tag","embeddable":true,"href":"https:\/\/zonaroja.com.mx\/index.php?rest_route=%2Fwp%2Fv2%2Ftags&post=31020"}],"curies":[{"name":"wp","href":"https:\/\/api.w.org\/{rel}","templated":true}]}}