{"id":31026,"date":"2021-08-17T22:23:44","date_gmt":"2021-08-18T03:23:44","guid":{"rendered":"http:\/\/www.zonaroja.com.mx\/?p=31026"},"modified":"2021-08-17T22:23:47","modified_gmt":"2021-08-18T03:23:47","slug":"resurge-covid-en-oaxaca-hoy-365-casos-nuevos-y-19-muertes","status":"publish","type":"post","link":"https:\/\/zonaroja.com.mx\/?p=31026","title":{"rendered":"Resurge Covid en Oaxaca: hoy 365 casos nuevos y 19 muertes"},"content":{"rendered":"\n<p>Redacci\u00f3n\/Zona Roja.<\/p>\n\n\n\n<p>Oaxaca de Ju\u00e1rez, Oax., 17 de agosto de 2021.- Las defunciones no cesan en esta tercera ola de contagios por lo que este martes, los Servicios de Salud de Oaxaca (SSO), han registrado 19 decesos y 365 casos nuevos de Covid-19, que contabilizan 60 mil 893 casos acumulados y cuatro mil 318 muertes por esta enfermedad; hay 2 mil 256 casos activos y 54 mil 319 personas se han recuperado.<\/p>\n\n\n\n<p>La instituci\u00f3n se\u00f1ala que los 365 casos nuevos, se distribuyen en 81 municipios, siendo Oaxaca de Ju\u00e1rez el que ocupa el primer lugar con 48 casos, seguido de Ciudad Ixtepec con 26, Heroica Ciudad de Huajuapan de Le\u00f3n 25, Heroica Ciudad de Juchit\u00e1n de Zaragoza 20, Magdalena Tequisistl\u00e1n 19, San Juan Bautista Tuxtepec 17, Miahuatl\u00e1n de Porfirio D\u00edaz 14, Santa Luc\u00eda del Camino, Santa Mar\u00eda Huatulco y Santiago Cho\u00e1pam 11 cada uno, Loma Bonita 10, y el resto de ocho a un solo caso.<\/p>\n\n\n\n<p>Ante el aumento de casos positivos, hay 21 nosocomios que est\u00e1n al 100% de su capacidad, lo que ha ocasionado que la ocupaci\u00f3n global de la red hospitalaria del Sector Salud sea del 73.7%, pues de las 514 camas destinadas para atender a pacientes con esta enfermedad, hay 379 ocupadas y 135 libres. Las Jurisdicciones Sanitarias de Tuxtepec e Istmo, presentan una saturaci\u00f3n preocupante, al reportar 93.3% y 78.9%, respectivamente.<\/p>\n\n\n\n<figure class=\"wp-block-embed-twitter wp-block-embed is-type-rich is-provider-twitter\"><div class=\"wp-block-embed__wrapper\">\n<div class=\"twitter-tweet\"><blockquote class=\"twitter-tweet\" data-lang=\"es\"><p lang=\"es\" dir=\"ltr\"><a href=\"https:\/\/twitter.com\/hashtag\/%C3%9AltimoMinuto?src=hash&amp;ref_src=twsrc%5Etfw\">#\u00daltimoMinuto<\/a><br>Los Servicios de Salud de <a href=\"https:\/\/twitter.com\/hashtag\/Oaxaca?src=hash&amp;ref_src=twsrc%5Etfw\">#Oaxaca<\/a> reportaron este martes 365 casos positivos a Covid-19, para un total de 60 mil 893 casos confirmados.<br>Adem\u00e1s, 19 decesos, con lo que suman 4 mil 318 defunciones.<br>Hay 21 nosocomios llenos de pacientes; ocupaci\u00f3n hospitalaria al 73.7% <a href=\"https:\/\/t.co\/0qb0TdV7yF\">pic.twitter.com\/0qb0TdV7yF<\/a><\/p>&mdash; Zona Roja Oaxaca (@Zona_Roja_Oax) <a href=\"https:\/\/twitter.com\/Zona_Roja_Oax\/status\/1427804030290599936?ref_src=twsrc%5Etfw\">18 de agosto de 2021<\/a><\/blockquote><\/div>\n<\/div><\/figure>\n\n\n\n<p>Por Jurisdicci\u00f3n Sanitaria, Valles Centrales contabiliza 37 mil 471 casos confirmados y dos mil 12 defunciones, Istmo siete mil 634 casos confirmados y 910 defunciones, Tuxtepec cuatro mil 212 casos confirmados y 380 defunciones, Costa cuatro mil 573 casos confirmados y 353 defunciones, Mixteca cuatro mil 955 casos confirmados y 431 defunciones, Sierra dos mil 48 casos confirmados y 232 defunciones.<\/p>\n\n\n\n<p>El grupo de edad que presenta el mayor n\u00famero de mortalidad, son los de 65 y m\u00e1s a\u00f1os con dos mil 23, seguido de 50 a 59 con 937 personas fallecidas, de 60 a 64 con 615 y de 25 a 44 a\u00f1os con 411, del total de p\u00e9rdidas de vidas humanas a causa de este coronavirus, dos mil 781 son hombres y mil 537 mujeres, las comorbilidades asociadas son en primer lugar la hipertensi\u00f3n arterial, seguida de diabetes, obesidad e insuficiencia renal.<\/p>\n\n\n\n<p>Ante este panorama, el llamado del sector Salud es para que la ciudadan\u00eda no baje la guardia ante esta pandemia, por lo que es fundamental, evitar los lugares concurridos y espacios cerrados, no acudir a fiestas o reuniones masivas, usar cubrebocas en todo momento, aplicar la sana distancia de 1.5 metros, lavarse las manos con agua y jab\u00f3n o usar alcohol en gel al 70% y si es posible quedarse en casa.<\/p>\n","protected":false},"excerpt":{"rendered":"<p>Redacci\u00f3n\/Zona Roja. Oaxaca de Ju\u00e1rez, Oax., 17 de agosto de 2021.- Las defunciones no cesan&hellip;<\/p>\n","protected":false},"author":2,"featured_media":31027,"comment_status":"closed","ping_status":"open","sticky":false,"template":"","format":"standard","meta":{"_lmt_disableupdate":"","_lmt_disable":"","_jetpack_memberships_contains_paid_content":false,"footnotes":""},"categories":[109,47],"tags":[1512],"class_list":["post-31026","post","type-post","status-publish","format-standard","has-post-thumbnail","hentry","category-minuto-a-minuto","category-zona-gris","tag-coronavirus-oaxaca"],"jetpack_featured_media_url":"https:\/\/zonaroja.com.mx\/wp-content\/uploads\/2021\/08\/17-de-agosto-de-2021-Comunicado-te\u0301cnico.jpg","jetpack_sharing_enabled":true,"_links":{"self":[{"href":"https:\/\/zonaroja.com.mx\/index.php?rest_route=\/wp\/v2\/posts\/31026","targetHints":{"allow":["GET"]}}],"collection":[{"href":"https:\/\/zonaroja.com.mx\/index.php?rest_route=\/wp\/v2\/posts"}],"about":[{"href":"https:\/\/zonaroja.com.mx\/index.php?rest_route=\/wp\/v2\/types\/post"}],"author":[{"embeddable":true,"href":"https:\/\/zonaroja.com.mx\/index.php?rest_route=\/wp\/v2\/users\/2"}],"replies":[{"embeddable":true,"href":"https:\/\/zonaroja.com.mx\/index.php?rest_route=%2Fwp%2Fv2%2Fcomments&post=31026"}],"version-history":[{"count":1,"href":"https:\/\/zonaroja.com.mx\/index.php?rest_route=\/wp\/v2\/posts\/31026\/revisions"}],"predecessor-version":[{"id":31028,"href":"https:\/\/zonaroja.com.mx\/index.php?rest_route=\/wp\/v2\/posts\/31026\/revisions\/31028"}],"wp:featuredmedia":[{"embeddable":true,"href":"https:\/\/zonaroja.com.mx\/index.php?rest_route=\/wp\/v2\/media\/31027"}],"wp:attachment":[{"href":"https:\/\/zonaroja.com.mx\/index.php?rest_route=%2Fwp%2Fv2%2Fmedia&parent=31026"}],"wp:term":[{"taxonomy":"category","embeddable":true,"href":"https:\/\/zonaroja.com.mx\/index.php?rest_route=%2Fwp%2Fv2%2Fcategories&post=31026"},{"taxonomy":"post_tag","embeddable":true,"href":"https:\/\/zonaroja.com.mx\/index.php?rest_route=%2Fwp%2Fv2%2Ftags&post=31026"}],"curies":[{"name":"wp","href":"https:\/\/api.w.org\/{rel}","templated":true}]}}