{"id":31029,"date":"2021-08-18T09:00:04","date_gmt":"2021-08-18T14:00:04","guid":{"rendered":"http:\/\/www.zonaroja.com.mx\/?p=31029"},"modified":"2021-08-17T22:29:09","modified_gmt":"2021-08-18T03:29:09","slug":"supervisan-avances-de-construccion-del-nuevo-edificio-de-escuela-judicial-del-pjeo","status":"publish","type":"post","link":"https:\/\/zonaroja.com.mx\/?p=31029","title":{"rendered":"Supervisan avances de construcci\u00f3n del nuevo edificio de Escuela Judicial del PJEO"},"content":{"rendered":"\n<p>Redacci\u00f3n\/Zona Roja.<\/p>\n\n\n\n<p>Oaxaca de Ju\u00e1rez, Oax., 17 de agosto de 2021.- El titular del Poder Judicial del Estado, magistrado Eduardo Pinacho S\u00e1nchez, se\u00f1al\u00f3 que la construcci\u00f3n del Edificio Resiliente de la Escuela Judicial, primer plantel en Oaxaca antis\u00edsmico y que contar\u00e1 con un sistema de seguridad estructural, permitir\u00e1 adem\u00e1s de fortalecer la funci\u00f3n educativa y acad\u00e9mica, atender un tema de la m\u00e1s alta sensibilidad como es la convivencia entre madres, padres e hijos.<\/p>\n\n\n\n<p>Lo anterior, explic\u00f3, debido a que como parte de este proyecto, se contempla que las nuevas instalaciones dispongan de un sal\u00f3n de tareas y una ludoteca, espacio que ser\u00e1 destinado a los progenitores que por resoluciones judiciales est\u00e1n separados de sus hijas e hijos, con el fin de que puedan convivir con ellos en condiciones adecuadas y dignas.<\/p>\n\n\n\n<p>El nuevo edificio se edifica en un predio anexo al Centro Recreativo del Poder Judicial ubicado en Tlalixtac de Cabrera y contar\u00e1 con siete aulas, vest\u00edbulo, cub\u00edculos, m\u00f3dulos sanitarios y cisterna. Su ejecuci\u00f3n se encuentra validada por el Instituto Nacional de la Infraestructura F\u00edsica Educativa (INIFED).<\/p>\n\n\n\n<p>Para constatar los avances de las obras, el presidente del Tribunal Superior de Justicia y del Consejo de la Judicatura, realiz\u00f3 un recorrido por el lugar donde le fue explicado el funcionamiento del sistema de seguridad estructural que dar\u00e1 al inmueble resistencia ante los movimientos tel\u00faricos, as\u00ed como los avances que presenta hasta el momento.<\/p>\n\n\n\n<p>Uno de los objetivos de la Escuela Judicial es generar programas, proyectos y herramientas de capacitaci\u00f3n para la profesionalizaci\u00f3n, especializaci\u00f3n y humanizaci\u00f3n de la funci\u00f3n jurisdiccional as\u00ed como de los dem\u00e1s profesionales del derecho y la sociedad vinculados con la impartici\u00f3n de justicia.<\/p>\n","protected":false},"excerpt":{"rendered":"<p>Redacci\u00f3n\/Zona Roja. Oaxaca de Ju\u00e1rez, Oax., 17 de agosto de 2021.- El titular del Poder&hellip;<\/p>\n","protected":false},"author":2,"featured_media":31030,"comment_status":"closed","ping_status":"open","sticky":false,"template":"","format":"standard","meta":{"_lmt_disableupdate":"","_lmt_disable":"","_jetpack_memberships_contains_paid_content":false,"footnotes":""},"categories":[109,46],"tags":[223],"class_list":["post-31029","post","type-post","status-publish","format-standard","has-post-thumbnail","hentry","category-minuto-a-minuto","category-zona-blanca","tag-poder-judicial-de-oaxaca"],"jetpack_featured_media_url":"https:\/\/zonaroja.com.mx\/wp-content\/uploads\/2021\/08\/El-titular-del-Poder-Judicial-recorrio\u0301-las-obras.jpg","jetpack_sharing_enabled":true,"_links":{"self":[{"href":"https:\/\/zonaroja.com.mx\/index.php?rest_route=\/wp\/v2\/posts\/31029","targetHints":{"allow":["GET"]}}],"collection":[{"href":"https:\/\/zonaroja.com.mx\/index.php?rest_route=\/wp\/v2\/posts"}],"about":[{"href":"https:\/\/zonaroja.com.mx\/index.php?rest_route=\/wp\/v2\/types\/post"}],"author":[{"embeddable":true,"href":"https:\/\/zonaroja.com.mx\/index.php?rest_route=\/wp\/v2\/users\/2"}],"replies":[{"embeddable":true,"href":"https:\/\/zonaroja.com.mx\/index.php?rest_route=%2Fwp%2Fv2%2Fcomments&post=31029"}],"version-history":[{"count":1,"href":"https:\/\/zonaroja.com.mx\/index.php?rest_route=\/wp\/v2\/posts\/31029\/revisions"}],"predecessor-version":[{"id":31031,"href":"https:\/\/zonaroja.com.mx\/index.php?rest_route=\/wp\/v2\/posts\/31029\/revisions\/31031"}],"wp:featuredmedia":[{"embeddable":true,"href":"https:\/\/zonaroja.com.mx\/index.php?rest_route=\/wp\/v2\/media\/31030"}],"wp:attachment":[{"href":"https:\/\/zonaroja.com.mx\/index.php?rest_route=%2Fwp%2Fv2%2Fmedia&parent=31029"}],"wp:term":[{"taxonomy":"category","embeddable":true,"href":"https:\/\/zonaroja.com.mx\/index.php?rest_route=%2Fwp%2Fv2%2Fcategories&post=31029"},{"taxonomy":"post_tag","embeddable":true,"href":"https:\/\/zonaroja.com.mx\/index.php?rest_route=%2Fwp%2Fv2%2Ftags&post=31029"}],"curies":[{"name":"wp","href":"https:\/\/api.w.org\/{rel}","templated":true}]}}