{"id":3103,"date":"2019-08-15T07:58:15","date_gmt":"2019-08-15T12:58:15","guid":{"rendered":"http:\/\/www.zonaroja.com.mx\/?p=3103"},"modified":"2019-08-15T07:58:18","modified_gmt":"2019-08-15T12:58:18","slug":"destensan-conflicto-entre-yaitepec-y-santa-catarina-juquila","status":"publish","type":"post","link":"https:\/\/zonaroja.com.mx\/?p=3103","title":{"rendered":"Destensan conflicto entre Yaitepec y Santa Catarina Juquila"},"content":{"rendered":"\n<p>Evlin\nArag\u00f3n\/Zona Roja.<\/p>\n\n\n\n<p>Oaxaca de\nJu\u00e1rez, Oax., 15 de agosto de 2019.- Luego de tres d\u00edas, finalmente fue destensado\nel conflicto entre Santa Catarina Juquila y Santiago Yaitepec, municipios de la\nregi\u00f3n de la Costa.<\/p>\n\n\n\n<p>Hace tres\nd\u00edas, personas encapuchadas y armadas presuntamente de Yaitepec, bloquearon el\nacceso a Juquila pero adem\u00e1s se apoderaron del sitio religioso \u201cEl Pedimento\u201d.<\/p>\n\n\n\n<p>Tras ello, autoridades\ncomunales de Santa Catarina Juquila solicitaron la intervenci\u00f3n de la\nSecretar\u00eca General de Gobierno fin de sancionar a los habitantes de Santiago\nYaitepec que irrumpieron de forma violenta y ocasionaron da\u00f1os en terrenos que\nlegalmente pertenecen a su comunidad.<\/p>\n\n\n\n<p>Explicaron\nque el pasado lunes ciudadanos de Yaitepec, encabezados por sus autoridades\nmunicipales y agrarias irrumpieron de manera violenta en los terrenos,\nrealizando el desmonte de las orillas de la carretera Juquila-El Vidrio, as\u00ed\ncomo la construcci\u00f3n de ramadas y el destrozo de \u00e1rboles.<\/p>\n\n\n\n<p>As\u00ed mismo\ninvadieron y despojaron de la parcela comunal, lugar donde se ubica \u201cEl\nPedimento\u201d del cual se apoderaron de forma violenta a la par que robaron\npertenencias y causaron da\u00f1os en dichas propiedades.<\/p>\n\n\n\n<p>Por lo\nanterior se presentaron las denuncias correspondientes ante la Fiscal\u00eda General\nde Gobierno por los delitos de despojo con violencia, da\u00f1os en propiedad ajena,\nrobo, uso de armas de uso exclusivo del Ej\u00e9rcito y los dem\u00e1s que resulten, a la\npar que se llev\u00f3 a cabo una reuni\u00f3n con la Comisi\u00f3n Especial por la Paz en la\nzona, para darle seguimiento a la problem\u00e1tica.<\/p>\n\n\n\n<p>Finalmente\nanoche se llegaron a los primeros acuerdos, entre ellos retirar la \u201ctoma\u201d de \u201cEl\nPedimento\u201d y el bloqueo carretero; no obstante, las reuniones de seguimiento\ncontinuar\u00e1n, pues el diferendo agrario prevalece.<\/p>\n","protected":false},"excerpt":{"rendered":"<p>Evlin Arag\u00f3n\/Zona Roja. Oaxaca de Ju\u00e1rez, Oax., 15 de agosto de 2019.- Luego de tres&hellip;<\/p>\n","protected":false},"author":2,"featured_media":3104,"comment_status":"closed","ping_status":"open","sticky":false,"template":"","format":"standard","meta":{"_lmt_disableupdate":"","_lmt_disable":"","_jetpack_memberships_contains_paid_content":false,"footnotes":""},"categories":[109,47],"tags":[556],"class_list":["post-3103","post","type-post","status-publish","format-standard","has-post-thumbnail","hentry","category-minuto-a-minuto","category-zona-gris","tag-conflicto-yaitepec-juquila"],"jetpack_featured_media_url":"https:\/\/zonaroja.com.mx\/wp-content\/uploads\/2019\/08\/El-Pedimento-Juquila.jpg","jetpack_sharing_enabled":true,"_links":{"self":[{"href":"https:\/\/zonaroja.com.mx\/index.php?rest_route=\/wp\/v2\/posts\/3103","targetHints":{"allow":["GET"]}}],"collection":[{"href":"https:\/\/zonaroja.com.mx\/index.php?rest_route=\/wp\/v2\/posts"}],"about":[{"href":"https:\/\/zonaroja.com.mx\/index.php?rest_route=\/wp\/v2\/types\/post"}],"author":[{"embeddable":true,"href":"https:\/\/zonaroja.com.mx\/index.php?rest_route=\/wp\/v2\/users\/2"}],"replies":[{"embeddable":true,"href":"https:\/\/zonaroja.com.mx\/index.php?rest_route=%2Fwp%2Fv2%2Fcomments&post=3103"}],"version-history":[{"count":1,"href":"https:\/\/zonaroja.com.mx\/index.php?rest_route=\/wp\/v2\/posts\/3103\/revisions"}],"predecessor-version":[{"id":3105,"href":"https:\/\/zonaroja.com.mx\/index.php?rest_route=\/wp\/v2\/posts\/3103\/revisions\/3105"}],"wp:featuredmedia":[{"embeddable":true,"href":"https:\/\/zonaroja.com.mx\/index.php?rest_route=\/wp\/v2\/media\/3104"}],"wp:attachment":[{"href":"https:\/\/zonaroja.com.mx\/index.php?rest_route=%2Fwp%2Fv2%2Fmedia&parent=3103"}],"wp:term":[{"taxonomy":"category","embeddable":true,"href":"https:\/\/zonaroja.com.mx\/index.php?rest_route=%2Fwp%2Fv2%2Fcategories&post=3103"},{"taxonomy":"post_tag","embeddable":true,"href":"https:\/\/zonaroja.com.mx\/index.php?rest_route=%2Fwp%2Fv2%2Ftags&post=3103"}],"curies":[{"name":"wp","href":"https:\/\/api.w.org\/{rel}","templated":true}]}}