{"id":31032,"date":"2021-08-18T07:33:02","date_gmt":"2021-08-18T12:33:02","guid":{"rendered":"http:\/\/www.zonaroja.com.mx\/?p=31032"},"modified":"2021-08-18T07:33:05","modified_gmt":"2021-08-18T12:33:05","slug":"tiene-fiscalia-anticorrupcion-de-oaxaca-apenas-12-agentes-del-mp-y-2-aei","status":"publish","type":"post","link":"https:\/\/zonaroja.com.mx\/?p=31032","title":{"rendered":"Tiene Fiscal\u00eda Anticorrupci\u00f3n de Oaxaca apenas 12 agentes del MP y 2 AEI"},"content":{"rendered":"\n<p>Evlin Arag\u00f3n\/Zona Roja.<\/p>\n\n\n\n<p>Oaxaca de Ju\u00e1rez, Oax., 18 de agosto de 2021.- A convocatoria del Laboratorio Universitario de Estudios de Transparencia y Combate a la Corrupci\u00f3n de la UABJO, especialistas analizaron los avances en la Fiscal\u00eda Anticorrupci\u00f3n de Oaxaca, en que se destac\u00f3 el reducido n\u00famero de personal, a cuatro a\u00f1os de su creaci\u00f3n.<\/p>\n\n\n\n<p>Actualmente est\u00e1 encabezada por Jorge Emilio Iruegas \u00c1lvarez &#8211;quien tom\u00f3 posesi\u00f3n del cargo el 9 de junio de 2017&#8211;; tiene como subdirector a Hebert David Mart\u00ednez Le\u00f3n, y como fiscal en jefe a Francisco Reyes Corpus, adem\u00e1s de 12 ministerios p\u00fablicos y dos elementos de la Agencia Estatal de Investigaciones adscritos.&nbsp;<\/p>\n\n\n\n<p>Abisa\u00ed Gonz\u00e1lez Cruz, agente del Ministerio P\u00fablico de la Fiscal\u00eda Anticorrupci\u00f3n del Estado, manifest\u00f3 que la Fiscal\u00eda Especializada en materia de Combate a la Corrupci\u00f3n es un \u00f3rgano aut\u00f3nomo estatal creado en la Constituci\u00f3n Pol\u00edtica y que no forma parte de los poderes del Estado, por lo que act\u00faa con independencia en sus decisiones y estructura org\u00e1nica.<\/p>\n\n\n\n<p>Su creaci\u00f3n explic\u00f3, tiene como antecedente la reforma del 27 de mayo de 2015 que se dispuso la obligaci\u00f3n a las entidades federativas de establecer \u201cSistemas Locales Anticorrupci\u00f3n\u201d con el objeto de coordinar a las autoridades locales competentes en la prevenci\u00f3n, detecci\u00f3n y sanci\u00f3n de responsabilidades administrativas y hechos de corrupci\u00f3n, conformando incluso una r\u00e9plica del Sistema Nacional en la materia.&nbsp;<\/p>\n\n\n\n<p>Gonz\u00e1lez Cruz encabez\u00f3 la conferencia \u201cAntecedentes estructurales y operativos de la Fiscal\u00eda Anticorrupci\u00f3n del Estado Oaxaque\u00f1o\u201d que se realiz\u00f3 como parte del seminario \u201cTemas Selectos de Combate a la Corrupci\u00f3n\u201d que organiza la Faculta de Derecho y Ciencias Sociales de la Universidad Aut\u00f3noma \u201cBenito Ju\u00e1rez\u201d de Oaxaca.&nbsp;<\/p>\n\n\n\n<p>El agente record\u00f3 que al interior de la Constituci\u00f3n se reconoce la figura de la Fiscal\u00eda Especializada en materia de Combate a la Corrupci\u00f3n, cuyo titular forma parte del Comit\u00e9 Coordinador del Sistema Estatal y est\u00e1 acompa\u00f1ado por otros funcionarios representantes de las \u00e1reas de justicia, transparencia, contralor\u00eda, auditor\u00eda y funci\u00f3n p\u00fablica, sin dejar de nombrar la representaci\u00f3n ciudadana.&nbsp;&nbsp;<\/p>\n\n\n\n<p>As\u00ed mismo indic\u00f3 que un inicio la Fiscal\u00eda Especializada en materia de Combate a la Corrupci\u00f3n depend\u00eda completamente de la Fiscal\u00eda General, por lo anterior fueron necesarias nueva reformas que se concretan en mayo de 2017 y donde se establece que el fiscal anticorrupci\u00f3n deber\u00eda ser nombrado por el Congreso del Estado.<\/p>\n\n\n\n<p>Dicha reforma implic\u00f3 la autonom\u00eda de la Fiscal\u00eda Anticorrupci\u00f3n con la intenci\u00f3n de cumplir de manera efectiva la pol\u00edtica p\u00fablica encaminada a un combate eficaz contra la corrupci\u00f3n, la cual se hizo efectiva hasta septiembre de 2018 que mediante el Decreto 1544 se dot\u00f3 de autonom\u00eda administrativa, t\u00e9cnica, de gesti\u00f3n y decisi\u00f3n.<\/p>\n\n\n\n<p>Dentro de sus principales funciones se encuentra la de recabar la denuncia e iniciar la investigaci\u00f3n por hechos de corrupci\u00f3n, as\u00ed como delitos cometidos por Servidores P\u00fablicos; solicitar informes que considere pertinentes para la obtenci\u00f3n de datos de prueba; dictar medidas de protecci\u00f3n y providencias precautorias.<\/p>\n\n\n\n<p>Determinar el no ejercicio de la acci\u00f3n penal, el archivo temporal, ejercer la facultad de abstenci\u00f3n de investigar y decidir la aplicaci\u00f3n de criterios de oportunidad; promover y aplicar cuando procedan las soluciones alternas y formas de terminaci\u00f3n anticipada del proceso; as\u00ed como ejercer o desistirse de la acci\u00f3n penal.&nbsp;<\/p>\n\n\n\n<p>Previo a la ponencia, Ad\u00e1n C\u00f3rdova, coordinador del Laboratorio Universitario de Estudios de Transparencia y Combate a la Corrupci\u00f3n de la UABJO, indic\u00f3 que hablar de la impartici\u00f3n de justicia sin duda es uno de los temas m\u00e1s interesantes de la percepci\u00f3n de corrupci\u00f3n.&nbsp; De ah\u00ed que destac\u00f3 la necesidad de conocer sobre la existencia de la Fiscal\u00eda Anticorrupci\u00f3n y su quehacer en beneficio de la sociedad oaxaque\u00f1a.<\/p>\n","protected":false},"excerpt":{"rendered":"<p>Evlin Arag\u00f3n\/Zona Roja. Oaxaca de Ju\u00e1rez, Oax., 18 de agosto de 2021.- A convocatoria del&hellip;<\/p>\n","protected":false},"author":2,"featured_media":31033,"comment_status":"closed","ping_status":"open","sticky":false,"template":"","format":"standard","meta":{"_lmt_disableupdate":"","_lmt_disable":"","_jetpack_memberships_contains_paid_content":false,"footnotes":""},"categories":[109,47],"tags":[682],"class_list":["post-31032","post","type-post","status-publish","format-standard","has-post-thumbnail","hentry","category-minuto-a-minuto","category-zona-gris","tag-jorge-emilio-iruegas-alvarez"],"jetpack_featured_media_url":"https:\/\/zonaroja.com.mx\/wp-content\/uploads\/2021\/08\/Jorge-Emilio-Iruegas.jpg","jetpack_sharing_enabled":true,"_links":{"self":[{"href":"https:\/\/zonaroja.com.mx\/index.php?rest_route=\/wp\/v2\/posts\/31032","targetHints":{"allow":["GET"]}}],"collection":[{"href":"https:\/\/zonaroja.com.mx\/index.php?rest_route=\/wp\/v2\/posts"}],"about":[{"href":"https:\/\/zonaroja.com.mx\/index.php?rest_route=\/wp\/v2\/types\/post"}],"author":[{"embeddable":true,"href":"https:\/\/zonaroja.com.mx\/index.php?rest_route=\/wp\/v2\/users\/2"}],"replies":[{"embeddable":true,"href":"https:\/\/zonaroja.com.mx\/index.php?rest_route=%2Fwp%2Fv2%2Fcomments&post=31032"}],"version-history":[{"count":1,"href":"https:\/\/zonaroja.com.mx\/index.php?rest_route=\/wp\/v2\/posts\/31032\/revisions"}],"predecessor-version":[{"id":31034,"href":"https:\/\/zonaroja.com.mx\/index.php?rest_route=\/wp\/v2\/posts\/31032\/revisions\/31034"}],"wp:featuredmedia":[{"embeddable":true,"href":"https:\/\/zonaroja.com.mx\/index.php?rest_route=\/wp\/v2\/media\/31033"}],"wp:attachment":[{"href":"https:\/\/zonaroja.com.mx\/index.php?rest_route=%2Fwp%2Fv2%2Fmedia&parent=31032"}],"wp:term":[{"taxonomy":"category","embeddable":true,"href":"https:\/\/zonaroja.com.mx\/index.php?rest_route=%2Fwp%2Fv2%2Fcategories&post=31032"},{"taxonomy":"post_tag","embeddable":true,"href":"https:\/\/zonaroja.com.mx\/index.php?rest_route=%2Fwp%2Fv2%2Ftags&post=31032"}],"curies":[{"name":"wp","href":"https:\/\/api.w.org\/{rel}","templated":true}]}}