{"id":31037,"date":"2021-08-18T07:46:13","date_gmt":"2021-08-18T12:46:13","guid":{"rendered":"http:\/\/www.zonaroja.com.mx\/?p=31037"},"modified":"2021-08-18T07:46:15","modified_gmt":"2021-08-18T12:46:15","slug":"cumple-48-horas-desaparecido-de-santa-cruz-mitlatongo","status":"publish","type":"post","link":"https:\/\/zonaroja.com.mx\/?p=31037","title":{"rendered":"Cumple 48 horas desaparecido de Santa Cruz Mitlatongo"},"content":{"rendered":"\n<p>Redacci\u00f3n\/Zona Roja.<\/p>\n\n\n\n<p>Oaxaca de Ju\u00e1rez, Oax.,18 de agosto de 2021.- Un comunero de Santa Cruz Mitlatongo, identificado como Jos\u00e9 Antonio Guzm\u00e1n Santiago, cumple 48 horas de desaparecido o secuestrado, presuntamente por pobladores de Santiago Mitlatongo.<\/p>\n\n\n\n<p>Sus familiares arribaron anoche a la sede de la Defensor\u00eda de los Derechos Humanos del Pueblo de Oaxaca (DDHPO), donde pidieron la intervenci\u00f3n del organismo, para que las autoridades agilicen la b\u00fasqueda y\/o rescate.<\/p>\n\n\n\n<p>Hasta esta ma\u00f1ana, ni la Fiscal\u00eda General del Estado ni la Secretar\u00eda General del Gobierno (Segego) han emitido una postura al respecto ni han dado a conocer si hay di\u00e1logo con Santiago, agencia municipal de Asunci\u00f3n Nochixtl\u00e1n.<\/p>\n\n\n\n<p>Comuneros encabezados por Mart\u00edn Melquiades Bautista, denunciaron que el pasado lunes pobladores de Santa Cruz fueron atacados a balazos por sus vecinos de Santiago, lo que dej\u00f3 como saldo un desaparecido y un lesionado.<\/p>\n\n\n\n<p>En tanto que ayer, otro grupo de afectados acudi\u00f3 a la sede de la Fiscal\u00eda General, con sede en Nochixtl\u00e1n, para exigir una mayor agilidad en la indagatoria de los hechos.<\/p>\n\n\n\n<p>\u201cLo que hicieron ayer fue un atentado de forma cobarde hirieron a un ciudadano; no hay un respaldo, estamos abandonados (por la autoridad), no tenemos cl\u00ednicas ni ambulancia ni m\u00e9dicos; estamos abandonados\u201d, dijo uno de ellos.<\/p>\n\n\n\n<p>Este d\u00eda, autoridades de Santa Cruz dar\u00e1n una conferencia en la sede de la Defensor\u00eda de los Derechos Humanos, en la ciudad de Oaxaca, con la finalidad de exigir al gobierno una mayor atenci\u00f3n a la problem\u00e1tica.<\/p>\n","protected":false},"excerpt":{"rendered":"<p>Redacci\u00f3n\/Zona Roja. Oaxaca de Ju\u00e1rez, Oax.,18 de agosto de 2021.- Un comunero de Santa Cruz&hellip;<\/p>\n","protected":false},"author":2,"featured_media":31035,"comment_status":"closed","ping_status":"open","sticky":false,"template":"","format":"standard","meta":{"_lmt_disableupdate":"","_lmt_disable":"","_jetpack_memberships_contains_paid_content":false,"footnotes":""},"categories":[109,47],"tags":[1666],"class_list":["post-31037","post","type-post","status-publish","format-standard","has-post-thumbnail","hentry","category-minuto-a-minuto","category-zona-gris","tag-santiago-mitlatongo"],"jetpack_featured_media_url":"https:\/\/zonaroja.com.mx\/wp-content\/uploads\/2021\/08\/Desaparecido-Mitlatongo-Jose-Antonio-Guzman.jpg","jetpack_sharing_enabled":true,"_links":{"self":[{"href":"https:\/\/zonaroja.com.mx\/index.php?rest_route=\/wp\/v2\/posts\/31037","targetHints":{"allow":["GET"]}}],"collection":[{"href":"https:\/\/zonaroja.com.mx\/index.php?rest_route=\/wp\/v2\/posts"}],"about":[{"href":"https:\/\/zonaroja.com.mx\/index.php?rest_route=\/wp\/v2\/types\/post"}],"author":[{"embeddable":true,"href":"https:\/\/zonaroja.com.mx\/index.php?rest_route=\/wp\/v2\/users\/2"}],"replies":[{"embeddable":true,"href":"https:\/\/zonaroja.com.mx\/index.php?rest_route=%2Fwp%2Fv2%2Fcomments&post=31037"}],"version-history":[{"count":1,"href":"https:\/\/zonaroja.com.mx\/index.php?rest_route=\/wp\/v2\/posts\/31037\/revisions"}],"predecessor-version":[{"id":31038,"href":"https:\/\/zonaroja.com.mx\/index.php?rest_route=\/wp\/v2\/posts\/31037\/revisions\/31038"}],"wp:featuredmedia":[{"embeddable":true,"href":"https:\/\/zonaroja.com.mx\/index.php?rest_route=\/wp\/v2\/media\/31035"}],"wp:attachment":[{"href":"https:\/\/zonaroja.com.mx\/index.php?rest_route=%2Fwp%2Fv2%2Fmedia&parent=31037"}],"wp:term":[{"taxonomy":"category","embeddable":true,"href":"https:\/\/zonaroja.com.mx\/index.php?rest_route=%2Fwp%2Fv2%2Fcategories&post=31037"},{"taxonomy":"post_tag","embeddable":true,"href":"https:\/\/zonaroja.com.mx\/index.php?rest_route=%2Fwp%2Fv2%2Ftags&post=31037"}],"curies":[{"name":"wp","href":"https:\/\/api.w.org\/{rel}","templated":true}]}}