{"id":31039,"date":"2021-08-18T13:24:00","date_gmt":"2021-08-18T18:24:00","guid":{"rendered":"https:\/\/www.zonaroja.com.mx\/?p=31039"},"modified":"2021-08-18T13:24:18","modified_gmt":"2021-08-18T18:24:18","slug":"exhiben-a-elpidio-altamirano-dirigente-del-pvem-como-deudor-alimentario","status":"publish","type":"post","link":"https:\/\/zonaroja.com.mx\/?p=31039","title":{"rendered":"Exhiben a Elpidio Altamirano, dirigente del PVEM, como deudor alimentario"},"content":{"rendered":"\n<p class=\"MsoNormal\">Evlin Arag\u00f3n\/Zona Roja. <\/p>\n\n\n\n<p class=\"MsoNormal\">Oaxaca de Ju\u00e1rez, Oax., 18 de agosto de 2021.- El secretario de Procesos Electorales en Oaxaca del Partido Verde Ecologista de M\u00e9xico (PVEM), Elpidio Altamirano L\u00f3pez, fue exhibido como padre irresponsable y deudor alimentario al dejar en el desamparo a un menor de ocho a\u00f1os de edad.  <\/p>\n\n\n\n<p class=\"MsoNormal\">Fue a trav\u00e9s de las redes sociales que se difundi\u00f3 la informaci\u00f3n y posteriormente su imagen fue publicada en la p\u00e1gina de Facebook&nbsp;Deudores Alimentarios Oaxaca,&nbsp;que desde hace un par de meses da voz a las mujeres que han tenido que enfrentarse a la violencia econ\u00f3mica y patrimonial por parte de sus exparejas.&nbsp;&nbsp;<\/p>\n\n\n\n<p class=\"MsoNormal\">En la publicaci\u00f3n evidenciaron que, quien tambi\u00e9n se desempe\u00f1a como representante del PVEM ante el INE, se siente muy influyente ya que independientemente de ser integrante del partido, actualmente forma parte de la familia Villaca\u00f1a.&nbsp;<\/p>\n\n\n\n<p class=\"MsoNormal\">\u201cSe siente muy influyente porque su nuevo suegro es Jorge Villaca\u00f1a. Todav\u00eda publica que esto es fama para \u00e9l. Que alguien le explique lo miserable que es. Ay\u00fadanos a compartir para seguir haci\u00e9ndolo famoso a la rata\u201d, refiere la publicaci\u00f3n.&nbsp;&nbsp;<\/p>\n\n\n\n<p class=\"MsoNormal\">As\u00ed mismo cuestionaron el abandono de&nbsp;Elpidio Altamirano para con su&nbsp;peque\u00f1o ni\u00f1o con el que si convivi\u00f3 durante sus primeros a\u00f1os de vida, adem\u00e1s de la burla y amenazas con las que se conduce en contra de su expareja.<\/p>\n\n\n\n<p class=\"MsoNormal\">\u201cLa sabandija vivi\u00f3 de mantenido ocho a\u00f1os en casa de sus suegros, sin pagar ni el agua. Ahora este delincuente enamoradizo e irresponsable se cas\u00f3 y abandon\u00f3 a su hijo menor de ocho a\u00f1os del que no se hace responsable y todav\u00eda se burla, se indigna y amenaza a la madre\u201d.&nbsp;<\/p>\n\n\n\n<p class=\"MsoNormal\">Finalmente, las activistas dieron a conocer que el sujeto tiene antecedentes de golpeador y alcoh\u00f3lico.&nbsp;&nbsp;<\/p>\n\n\n\n<p class=\"MsoNormal\">TAMBI\u00c9N FUNCIONARIO<\/p>\n\n\n\n<p class=\"MsoNormal\">En las \u00faltimas horas tambi\u00e9n fue exhibido como deudor alimentario un funcionario p\u00fablico del gobierno de Alejandro Murat Hinojosa, quien no quiso reconocer a su hija y mucho menos se hace responsable de la manutenci\u00f3n.&nbsp;&nbsp;<\/p>\n\n\n\n<p class=\"MsoNormal\">Se trata de Christian Eduardo Garc\u00eda S\u00e1nchez, quien se desempe\u00f1a como director de Comercializaci\u00f3n y Planeaci\u00f3n del Fideicomiso para el Desarrollo Log\u00edstico del Estado de Oaxaca, quien se esconde para evadir sus responsabilidades e incluso es respaldado por su familia.&nbsp;&nbsp;<\/p>\n\n\n\n<p class=\"MsoNormal\">\u201cEste delincuente es director de Comercializaci\u00f3n y Planeaci\u00f3n del Fideicomiso para el desarrollo log\u00edstico del estado de<a href=\"https:\/\/www.facebook.com\/hashtag\/oaxaca?__eep__=6&amp;__cft__%5b0%5d=AZWOHrnyeT7VhwBi-Gecxq84p4xtcaV13_JTHmE-TlCOMgfJ-V5C_NK7gtUIm0Ob7OnasHv9YXOoKe6_SCAwdius65Ce7QObxru_pbEm_xC-RzfIZ4K2_4Rg-5AtWqlhVZqjfcITkcjqjwXMxLZvv9xC&amp;__tn__=*NK-R\">#Oaxaca<\/a>. Tiene una hija de seis a\u00f1os a que no quiso reconocer y de la que se hace p3nd3j0 a pesar de tener un buen salario.&nbsp;&nbsp;Este irresponsable se esconde cu\u00e1l cobarde para evadir a la madre y su familia lo solapa. Rata\u201d, se\u00f1alan.&nbsp;&nbsp;<\/p>\n\n\n\n<p class=\"MsoNormal\">Finalmente, trascendi\u00f3 el nombre&nbsp;de Daniel Garc\u00eda Garc\u00eda, hijo de Emilia Garc\u00eda Guzm\u00e1n, directora general del Colegio Superior para la Educaci\u00f3n Integral Intercultural de Oaxaca, quien no se hace responsable de cuatro hijas e hijos argumentando que no cuenta con empleo remunerado.<\/p>\n\n\n\n<p class=\"MsoNormal\">\u201cEste mantenido tiene regad@s 4 hij@s de quienes no se hace responsable argumentando que no tiene trabajo. La tapadera de su mam\u00e1 lo encubre y solapa, se trata de la ex diputada local Emilia Garc\u00eda Guzm\u00e1n &nbsp;y hoy flamante funcionaria del gobierno actual\u201d, refiere la publicaci\u00f3n.<\/p>\n\n\n\n<p class=\"MsoNormal\">Las activistas reprocharon que la hoy funcionaria del gobierno de Alejandro Murat, fomente holgazanes y adem\u00e1s amenace a las madres de los menores quienes en alg\u00fan momento han acudido a ella para solicitar que intervenga.&nbsp;&nbsp;<\/p>\n\n\n\n<p class=\"MsoNormal\">\u201cLa mencionamos porque las diferentes madres de sus niet@s que tienen demandado a su angelito le han pedido ayuda y ella es quien env\u00eda abogados a amenazarlas y a decirles que le hagan como quieran\u201d.   <\/p>\n","protected":false},"excerpt":{"rendered":"<p>Evlin Arag\u00f3n\/Zona Roja. Oaxaca de Ju\u00e1rez, Oax., 18 de agosto de 2021.- El secretario de&hellip;<\/p>\n","protected":false},"author":2,"featured_media":31036,"comment_status":"closed","ping_status":"open","sticky":false,"template":"","format":"standard","meta":{"_lmt_disableupdate":"","_lmt_disable":"","_jetpack_memberships_contains_paid_content":false,"footnotes":""},"categories":[109,47],"tags":[],"class_list":["post-31039","post","type-post","status-publish","format-standard","has-post-thumbnail","hentry","category-minuto-a-minuto","category-zona-gris"],"jetpack_featured_media_url":"https:\/\/zonaroja.com.mx\/wp-content\/uploads\/2021\/08\/Elpidio-Altamirano.jpg","jetpack_sharing_enabled":true,"_links":{"self":[{"href":"https:\/\/zonaroja.com.mx\/index.php?rest_route=\/wp\/v2\/posts\/31039","targetHints":{"allow":["GET"]}}],"collection":[{"href":"https:\/\/zonaroja.com.mx\/index.php?rest_route=\/wp\/v2\/posts"}],"about":[{"href":"https:\/\/zonaroja.com.mx\/index.php?rest_route=\/wp\/v2\/types\/post"}],"author":[{"embeddable":true,"href":"https:\/\/zonaroja.com.mx\/index.php?rest_route=\/wp\/v2\/users\/2"}],"replies":[{"embeddable":true,"href":"https:\/\/zonaroja.com.mx\/index.php?rest_route=%2Fwp%2Fv2%2Fcomments&post=31039"}],"version-history":[{"count":1,"href":"https:\/\/zonaroja.com.mx\/index.php?rest_route=\/wp\/v2\/posts\/31039\/revisions"}],"predecessor-version":[{"id":31040,"href":"https:\/\/zonaroja.com.mx\/index.php?rest_route=\/wp\/v2\/posts\/31039\/revisions\/31040"}],"wp:featuredmedia":[{"embeddable":true,"href":"https:\/\/zonaroja.com.mx\/index.php?rest_route=\/wp\/v2\/media\/31036"}],"wp:attachment":[{"href":"https:\/\/zonaroja.com.mx\/index.php?rest_route=%2Fwp%2Fv2%2Fmedia&parent=31039"}],"wp:term":[{"taxonomy":"category","embeddable":true,"href":"https:\/\/zonaroja.com.mx\/index.php?rest_route=%2Fwp%2Fv2%2Fcategories&post=31039"},{"taxonomy":"post_tag","embeddable":true,"href":"https:\/\/zonaroja.com.mx\/index.php?rest_route=%2Fwp%2Fv2%2Ftags&post=31039"}],"curies":[{"name":"wp","href":"https:\/\/api.w.org\/{rel}","templated":true}]}}