{"id":31042,"date":"2021-08-18T14:57:01","date_gmt":"2021-08-18T19:57:01","guid":{"rendered":"https:\/\/www.zonaroja.com.mx\/?p=31042"},"modified":"2021-08-18T14:57:03","modified_gmt":"2021-08-18T19:57:03","slug":"ante-nula-accion-de-la-fiscalia-y-segego-santa-cruz-mitlatongo-iniciara-huelga","status":"publish","type":"post","link":"https:\/\/zonaroja.com.mx\/?p=31042","title":{"rendered":"Ante nula acci\u00f3n de la Fiscal\u00eda y Segego, Santa Cruz Mitlatongo iniciar\u00e1 huelga"},"content":{"rendered":"\n<p class=\"MsoNormal\">Evlin Arag\u00f3n\/Zona Roja.&nbsp;<\/p>\n\n\n\n<p class=\"MsoNormal\">Oaxaca de Ju\u00e1rez, Oax., 18 de agosto de 2021.- Autoridades municipales y habitantes de Santa Cruz Mitlatongo recriminaron la nula accion del gobiernos estatal y federal para dar con el paradero de Jos\u00e9 Antonio Guzm\u00e1n Santiago, desaparecido desde el pasado lunes, tras un ataque armado realizado por sus vecinos de Santiago Mitlatongo, mismo que dej\u00f3 tambi\u00e9n una persona herida.&nbsp;&nbsp;<\/p>\n\n\n\n<p class=\"MsoNormal\">Ante la desatenci\u00f3n de la Fiscal\u00eda General del Estado de Oaxaca y de la Secretar\u00eda General de Gobierno (Segego), anunciaron el inicio de una huelga de hambre, en lugar por definir.&nbsp;<\/p>\n\n\n\n<p class=\"MsoNormal\">En conferencia en la sede de la Defensor\u00eda de los Derechos Humanos del Pueblo de Oaxaca, a donde arribaron&nbsp;desde la noche&nbsp;de&nbsp;este martes, Tom\u00e1s Guzm\u00e1n Castro, hermano de la persona desaparecida, exigi\u00f3 a las autoridades de seguridad y procuraci\u00f3n de justicia inicien de manera inmediata la b\u00fasqueda de Jos\u00e9 Antonio y lo entreguen con vida.&nbsp;&nbsp;<\/p>\n\n\n\n<p class=\"MsoNormal\">Guzm\u00e1n Castro indic\u00f3 que la violencia que ejerce la comunidad de Santiago en contra de su gente no es nueva, por el contrario, en mayo y septiembre del 2020 se registraron ataques armados y secuestros de personas, ello debido al conflicto agrario que se viven en la zona.&nbsp;&nbsp;<\/p>\n\n\n\n<p class=\"MsoNormal\">Por lo anterior, pidi\u00f3 castigo para quienes resulten responsables de los hechos violentos, as\u00ed como la instalaci\u00f3n de un m\u00f3dulo de seguridad en la zona para evitar m\u00e1s agresiones por parte de las autoridades municipales y agrarias de Santiago Mitlatongo.&nbsp;&nbsp;<\/p>\n\n\n\n<p class=\"MsoNormal\">Explic\u00f3 que, con el respaldo de la autoridad y poblaci\u00f3n de Santa Cruz, iniciar\u00e1n una huelga de hambre para lograr que sean atendidas sus demandas, y aunque a\u00fan no deciden si ser\u00e1 en la capital de Oaxaca o en la Ciudad de M\u00e9xico, la idea es hacer evidente la violaci\u00f3n a sus derechos de la que han sido v\u00edctimas.&nbsp;&nbsp;<\/p>\n\n\n\n<p class=\"MsoNormal\">\u201cLa huelga de hambre es para exigir paz y respeto a nuestros derechos\u201d, refiri\u00f3.&nbsp;<\/p>\n\n\n\n<p class=\"MsoNormal\">As\u00ed mismo, Guzm\u00e1n Castro relat\u00f3 que de manera constante su comunidad se ha enfrentado a ataques con arma de fuego de alto calibre y bloqueos carreteros, explicando que la colocaci\u00f3n de retenes ha impedido el acceso y la salida de personas, incluso para recibir atenci\u00f3n m\u00e9dica, como sucedi\u00f3 en julio pasado.&nbsp;<\/p>\n\n\n\n<p class=\"MsoNormal\">Pese a lo anterior, reproch\u00f3 que ni el gobierno de Oaxaca ni las autoridades de procuraci\u00f3n de justicia y muchos menos las agrarias han hecho nada para terminar con la violencia que se vive en la zona y que pone en mayor vulnerabilidad a la poblaci\u00f3n de Santa Cruz.&nbsp;&nbsp;&nbsp;<\/p>\n\n\n\n<p class=\"MsoNormal\">\u201cNo hay detenidos por los secuestros, la portaci\u00f3n de armas de fuego de alto calibre y la violaci\u00f3n a los derechos humanos personales y colectivos. Parece que a las autoridades de Oaxaca no les importe lo que nos suceda\u201d, sentenci\u00f3.&nbsp;&nbsp;<\/p>\n\n\n\n<p class=\"MsoNormal\">Finalmente, Martin Melquiades Santiago Bautista, agente municipal de Santa Cruz Mitlatongo, confirm\u00f3 que la violencia&nbsp;ha sido una constante por parte de la poblaci\u00f3n vecina, de lo cual han dado cuenta ante la Fiscal\u00eda y la Defensor\u00eda, sin que exista un cese a las agresiones.&nbsp;&nbsp;<\/p>\n\n\n\n<p class=\"MsoNormal\">Detall\u00f3 que el conflicto agrario es por la disputa de un aproximado de mil 200 hect\u00e1reas que por decreto presidencial les pertenecen, propiedad que incluso ha sido avalada mediante una resoluci\u00f3n del Tribunal Agrario, sin embargo, en aras de terminar con el conflicto han ofrecido el 25 por ciento de las tierras en disputa a Santiago, cuyas autoridades han rechazado la oferta y han respondido con violencia.  <\/p>\n","protected":false},"excerpt":{"rendered":"<p>Evlin Arag\u00f3n\/Zona Roja.&nbsp; Oaxaca de Ju\u00e1rez, Oax., 18 de agosto de 2021.- Autoridades municipales y&hellip;<\/p>\n","protected":false},"author":2,"featured_media":31041,"comment_status":"closed","ping_status":"open","sticky":false,"template":"","format":"standard","meta":{"_lmt_disableupdate":"","_lmt_disable":"","_jetpack_memberships_contains_paid_content":false,"footnotes":""},"categories":[109,47],"tags":[1667],"class_list":["post-31042","post","type-post","status-publish","format-standard","has-post-thumbnail","hentry","category-minuto-a-minuto","category-zona-gris","tag-santa-cruz-mitlatongo"],"jetpack_featured_media_url":"https:\/\/zonaroja.com.mx\/wp-content\/uploads\/2021\/08\/630f29d8-b419-457e-a287-30f8ae64ee77.jpg","jetpack_sharing_enabled":true,"_links":{"self":[{"href":"https:\/\/zonaroja.com.mx\/index.php?rest_route=\/wp\/v2\/posts\/31042","targetHints":{"allow":["GET"]}}],"collection":[{"href":"https:\/\/zonaroja.com.mx\/index.php?rest_route=\/wp\/v2\/posts"}],"about":[{"href":"https:\/\/zonaroja.com.mx\/index.php?rest_route=\/wp\/v2\/types\/post"}],"author":[{"embeddable":true,"href":"https:\/\/zonaroja.com.mx\/index.php?rest_route=\/wp\/v2\/users\/2"}],"replies":[{"embeddable":true,"href":"https:\/\/zonaroja.com.mx\/index.php?rest_route=%2Fwp%2Fv2%2Fcomments&post=31042"}],"version-history":[{"count":1,"href":"https:\/\/zonaroja.com.mx\/index.php?rest_route=\/wp\/v2\/posts\/31042\/revisions"}],"predecessor-version":[{"id":31043,"href":"https:\/\/zonaroja.com.mx\/index.php?rest_route=\/wp\/v2\/posts\/31042\/revisions\/31043"}],"wp:featuredmedia":[{"embeddable":true,"href":"https:\/\/zonaroja.com.mx\/index.php?rest_route=\/wp\/v2\/media\/31041"}],"wp:attachment":[{"href":"https:\/\/zonaroja.com.mx\/index.php?rest_route=%2Fwp%2Fv2%2Fmedia&parent=31042"}],"wp:term":[{"taxonomy":"category","embeddable":true,"href":"https:\/\/zonaroja.com.mx\/index.php?rest_route=%2Fwp%2Fv2%2Fcategories&post=31042"},{"taxonomy":"post_tag","embeddable":true,"href":"https:\/\/zonaroja.com.mx\/index.php?rest_route=%2Fwp%2Fv2%2Ftags&post=31042"}],"curies":[{"name":"wp","href":"https:\/\/api.w.org\/{rel}","templated":true}]}}