{"id":31047,"date":"2021-08-18T18:02:30","date_gmt":"2021-08-18T23:02:30","guid":{"rendered":"https:\/\/www.zonaroja.com.mx\/?p=31047"},"modified":"2021-08-18T18:02:35","modified_gmt":"2021-08-18T23:02:35","slug":"opinion-la-exportadora-de-sal-de-guerrero-negro","status":"publish","type":"post","link":"https:\/\/zonaroja.com.mx\/?p=31047","title":{"rendered":"Opini\u00f3n. La exportadora de sal de Guerrero Negro"},"content":{"rendered":"\n<p>Gibr\u00e1n Ram\u00edrez Reyes*<\/p>\n\n\n\n<p>Guerrero Negro es una comunidad del municipio de Muleg\u00e9, en el extremo de Baja California Sur, m\u00e1s alejado de La Paz, lo que le implica complicaciones log\u00edsticas que derivan en complicaciones econ\u00f3micas \u2013al estar alejado de La Paz y de Tijuana, los abastos se complican y los precios se elevan.&nbsp;<\/p>\n\n\n\n<p>Su fundaci\u00f3n deriv\u00f3 de una aventura empresarial que instaur\u00f3 la empresa Exportadora de Sal (ESSA), fundada en los a\u00f1os 50 para aprovechar la concentraci\u00f3n de agua de la Laguna y las salitreras naturales.&nbsp;<\/p>\n\n\n\n<p>La vida de la comunidad es, en consecuencia, indisociable de la empresa. Como sucedi\u00f3 en buena parte del mundo en la posguerra, en Guerrero Negro se deton\u00f3 el crecimiento econ\u00f3mico y la organizaci\u00f3n sindical permiti\u00f3 que los pobladores se beneficiaran de infraestructura y servicios sociales b\u00e1sicos financiados por la pr\u00f3spera empresa, nacionalizada el a\u00f1o de 1976.<\/p>\n\n\n\n<p>Pero, desde entonces, poco se ha avanzado, a pesar de las ganancias que a\u00f1o con a\u00f1o genera la exportaci\u00f3n de sal y que han beneficiado fundamentalmente a la empresa Mitsubishi, asociada con el gobierno mexicano en ESSA.&nbsp;<\/p>\n\n\n\n<p>Como sucedi\u00f3 despu\u00e9s en el neoliberalismo, las empresas de participaci\u00f3n p\u00fablica fueron v\u00edctimas de un abandono intencionado, de chatarrizaci\u00f3n orientada a entregar, y adem\u00e1s barato, lo p\u00fablico a empresas privadas que pudieran usufructuarlo de una forma presuntamente m\u00e1s eficiente. ESSA no fue la excepci\u00f3n.<\/p>\n\n\n\n<p>Afortunadamente, Guerrero Negro y sus habitantes han resistido los embates privatizadores, que no han cesado en el actual gobierno, si bien la gente conf\u00eda en la promesa del Presidente L\u00f3pez Obrador de que no habr\u00e1 cesi\u00f3n de la empresa al capital privado \u2013una promesa que el gobernador electo, V\u00edctor Castro, ha refrendado en su campa\u00f1a.&nbsp;<\/p>\n\n\n\n<p>Falta, sin embargo, empezar a caminar en sentido contrario y fortalecer lo que por a\u00f1os fue afectado y chatarrizado; falta restaurar su valor para el pueblo y para la econom\u00eda mexicana (algo, digamos, como lo que se ha intentado hacer en Pemex y que necesitar\u00eda relativamente pocos recursos).&nbsp;<\/p>\n\n\n\n<p>Guerrero Negro se encuentra en la injusta situaci\u00f3n de alimentar la potente industria de la sal (M\u00e9xico es de los principales exportadores), de generar casi cinco mil millones de d\u00f3lares en la facturaci\u00f3n de Mitsubishi cada a\u00f1o, y de ver a su pueblo castigado, con escasa pavimentaci\u00f3n y defectuoso drenaje, casi sin servicios de salud, siendo que pr\u00e1cticamente vive y produce para la empresa.&nbsp;<\/p>\n\n\n\n<p>La exportadora de sal requiere ahora un rescate financiero de manera urgente, pues, si su crisis sigue profundiz\u00e1ndose, los costos seguir\u00e1n incrementando y el fantasma de la privatizaci\u00f3n se har\u00e1 presente.&nbsp;<\/p>\n\n\n\n<p>Ese rescate de poco o nada servir\u00eda si no se acompa\u00f1a de medidas para evitar que los beneficios de la empresa terminen en Baja Bulk Carriers y en Mitsubishi, lo que implicar\u00eda generar una organizaci\u00f3n corporativa diferente.&nbsp;<\/p>\n\n\n\n<p>Tatiana Clouthier, como secretaria de Econom\u00eda y con poder de decisi\u00f3n en la empresa, podr\u00eda ensayar un modelo de econom\u00eda social sustentable que no s\u00f3lo evite la privatizaci\u00f3n, sino la persistencia del descuido y los malos manejos que la empresa ha enfrentado en los a\u00f1os recientes.&nbsp;<\/p>\n\n\n\n<p>Con voluntad pol\u00edtica, Guerrero Negro podr\u00eda no s\u00f3lo ser rescatado del abandono y de la despiadada extracci\u00f3n de las trasnacionales, sino convertirse en un ejemplo de lo que significan los lemas del gobierno federal.<\/p>\n\n\n\n<p>*Doctor en ciencia pol\u00edtica por la UNAM. <\/p>\n","protected":false},"excerpt":{"rendered":"<p>Gibr\u00e1n Ram\u00edrez Reyes* Guerrero Negro es una comunidad del municipio de Muleg\u00e9, en el extremo&hellip;<\/p>\n","protected":false},"author":2,"featured_media":24099,"comment_status":"closed","ping_status":"open","sticky":false,"template":"","format":"standard","meta":{"_lmt_disableupdate":"","_lmt_disable":"","_jetpack_memberships_contains_paid_content":false,"footnotes":""},"categories":[456,109],"tags":[2489],"class_list":["post-31047","post","type-post","status-publish","format-standard","has-post-thumbnail","hentry","category-columna","category-minuto-a-minuto","tag-gibran-ramirez-reyes"],"jetpack_featured_media_url":"https:\/\/zonaroja.com.mx\/wp-content\/uploads\/2021\/02\/Gibran-Ramirez-Reyes.jpg","jetpack_sharing_enabled":true,"_links":{"self":[{"href":"https:\/\/zonaroja.com.mx\/index.php?rest_route=\/wp\/v2\/posts\/31047","targetHints":{"allow":["GET"]}}],"collection":[{"href":"https:\/\/zonaroja.com.mx\/index.php?rest_route=\/wp\/v2\/posts"}],"about":[{"href":"https:\/\/zonaroja.com.mx\/index.php?rest_route=\/wp\/v2\/types\/post"}],"author":[{"embeddable":true,"href":"https:\/\/zonaroja.com.mx\/index.php?rest_route=\/wp\/v2\/users\/2"}],"replies":[{"embeddable":true,"href":"https:\/\/zonaroja.com.mx\/index.php?rest_route=%2Fwp%2Fv2%2Fcomments&post=31047"}],"version-history":[{"count":1,"href":"https:\/\/zonaroja.com.mx\/index.php?rest_route=\/wp\/v2\/posts\/31047\/revisions"}],"predecessor-version":[{"id":31048,"href":"https:\/\/zonaroja.com.mx\/index.php?rest_route=\/wp\/v2\/posts\/31047\/revisions\/31048"}],"wp:featuredmedia":[{"embeddable":true,"href":"https:\/\/zonaroja.com.mx\/index.php?rest_route=\/wp\/v2\/media\/24099"}],"wp:attachment":[{"href":"https:\/\/zonaroja.com.mx\/index.php?rest_route=%2Fwp%2Fv2%2Fmedia&parent=31047"}],"wp:term":[{"taxonomy":"category","embeddable":true,"href":"https:\/\/zonaroja.com.mx\/index.php?rest_route=%2Fwp%2Fv2%2Fcategories&post=31047"},{"taxonomy":"post_tag","embeddable":true,"href":"https:\/\/zonaroja.com.mx\/index.php?rest_route=%2Fwp%2Fv2%2Ftags&post=31047"}],"curies":[{"name":"wp","href":"https:\/\/api.w.org\/{rel}","templated":true}]}}