{"id":31049,"date":"2021-08-18T19:06:58","date_gmt":"2021-08-19T00:06:58","guid":{"rendered":"http:\/\/www.zonaroja.com.mx\/?p=31049"},"modified":"2021-08-18T19:07:02","modified_gmt":"2021-08-19T00:07:02","slug":"con-marcha-paralimpicos-reclaman-nulo-apoyo-del-gobierno-y-de-diputados","status":"publish","type":"post","link":"https:\/\/zonaroja.com.mx\/?p=31049","title":{"rendered":"Con marcha, paral\u00edmpicos reclaman nulo apoyo del gobierno y de diputados"},"content":{"rendered":"\n<p>Redacci\u00f3n\/Zona Roja.<\/p>\n\n\n\n<p>Oaxaca de Ju\u00e1rez, Oax., 18 de agosto de 2021.- Medallistas paral\u00edmpicos, mundialistas y parapanamericanos marcharon al Congreso del Estado de Oaxaca para exigir a los legisladores locales la aprobaci\u00f3n de las reformas a la Ley de Cultura F\u00edsica y Deportes con las que se les garantiza una beca vitalicia que les permita vivir con dignidad.<\/p>\n\n\n\n<p>\u201cLe pedimos a los diputados que apoyen la iniciativa porque es el compromiso del Gobierno del Estado y es un acuerdo con nosotros, tras las protestas que hicimos en avenida Ju\u00e1rez\u201d, expres\u00f3 el presidente de la Asociaci\u00f3n de Medallistas Paral\u00edmpicos, Mundialistas y Parapanamericanos Internacionales del Estado de Oaxaca, Jos\u00e9 Manuel R\u00edos Casas.<\/p>\n\n\n\n<p>El atleta y medallista paral\u00edmpico explic\u00f3 que las reformas a la Ley de Cultura F\u00edsica y Deporte ya se encuentra, y s\u00f3lo falta que los diputados locales la aprueben.<\/p>\n\n\n\n<p>Sin embargo, se\u00f1al\u00f3 que el problema es que han pasado cuatro o cinco sesiones ordinarias en la 64 Legislatura del Congreso local y siguen sin aprobar la iniciativa para que en un futuro no lejano, ya puedan contar con esas becas vitalicias.<\/p>\n\n\n\n<p>\u201cLa preocupaci\u00f3n es que se acaba el tiempo de la actual legislatura y si no se aprueba otra vez nos van a dejar bailando, nos van a dejar fuera\u201d.<\/p>\n\n\n\n<p>En total, son 23 atletas paral\u00edmpicos oaxaque\u00f1os que reclaman las becas vitalicias, las cuales ya se hab\u00edan aprobado a trav\u00e9s de la creaci\u00f3n de un fideicomiso con un fondo inicial de 20 millones de pesos; pero fueron derogadas por la actual legislatura con mayor\u00eda de diputados de Morena.<\/p>\n\n\n\n<p>Jos\u00e9 Manuel R\u00edos afirm\u00f3 que \u00fanicamente se requieren de 4.5 millones de pesos anuales para garantizar este beneficio a los atletas.<\/p>\n\n\n\n<p>La movilizaci\u00f3n tambi\u00e9n fue en apoyo a la delegaci\u00f3n mexicana que participar\u00e1 en las Paralimpiadas y que esta semana parte para Tokio. El deporte paral\u00edmpico, dijo, es el que ha dado los mayores logros al deporte nacional y desean que se sigan \u201ccosechando\u201d muchas medallas para M\u00e9xico.<\/p>\n\n\n\n<p>Y para que la sociedad y el gobierno tome conciencia de que el deporte paral\u00edmpico y el general, ayuda a la sociedad, a que tengamos j\u00f3venes sanos y mejores ciudadanos.<\/p>\n\n\n\n<p>Los paral\u00edmpicos partieron por la ma\u00f1ana en marcha de la fuente de las Ocho Regiones hacia la sede del Poder Legislativo, en San Raymundo Jalpan, donde irrumpieron en la sesi\u00f3n ordinaria, que se realiz\u00f3 en el patio.<\/p>\n","protected":false},"excerpt":{"rendered":"<p>Redacci\u00f3n\/Zona Roja. Oaxaca de Ju\u00e1rez, Oax., 18 de agosto de 2021.- Medallistas paral\u00edmpicos, mundialistas y&hellip;<\/p>\n","protected":false},"author":2,"featured_media":31050,"comment_status":"closed","ping_status":"open","sticky":false,"template":"","format":"standard","meta":{"_lmt_disableupdate":"","_lmt_disable":"","_jetpack_memberships_contains_paid_content":false,"footnotes":""},"categories":[109,47],"tags":[],"class_list":["post-31049","post","type-post","status-publish","format-standard","has-post-thumbnail","hentry","category-minuto-a-minuto","category-zona-gris"],"jetpack_featured_media_url":"https:\/\/zonaroja.com.mx\/wp-content\/uploads\/2021\/08\/Protesta-paralimpicos.jpg","jetpack_sharing_enabled":true,"_links":{"self":[{"href":"https:\/\/zonaroja.com.mx\/index.php?rest_route=\/wp\/v2\/posts\/31049","targetHints":{"allow":["GET"]}}],"collection":[{"href":"https:\/\/zonaroja.com.mx\/index.php?rest_route=\/wp\/v2\/posts"}],"about":[{"href":"https:\/\/zonaroja.com.mx\/index.php?rest_route=\/wp\/v2\/types\/post"}],"author":[{"embeddable":true,"href":"https:\/\/zonaroja.com.mx\/index.php?rest_route=\/wp\/v2\/users\/2"}],"replies":[{"embeddable":true,"href":"https:\/\/zonaroja.com.mx\/index.php?rest_route=%2Fwp%2Fv2%2Fcomments&post=31049"}],"version-history":[{"count":1,"href":"https:\/\/zonaroja.com.mx\/index.php?rest_route=\/wp\/v2\/posts\/31049\/revisions"}],"predecessor-version":[{"id":31051,"href":"https:\/\/zonaroja.com.mx\/index.php?rest_route=\/wp\/v2\/posts\/31049\/revisions\/31051"}],"wp:featuredmedia":[{"embeddable":true,"href":"https:\/\/zonaroja.com.mx\/index.php?rest_route=\/wp\/v2\/media\/31050"}],"wp:attachment":[{"href":"https:\/\/zonaroja.com.mx\/index.php?rest_route=%2Fwp%2Fv2%2Fmedia&parent=31049"}],"wp:term":[{"taxonomy":"category","embeddable":true,"href":"https:\/\/zonaroja.com.mx\/index.php?rest_route=%2Fwp%2Fv2%2Fcategories&post=31049"},{"taxonomy":"post_tag","embeddable":true,"href":"https:\/\/zonaroja.com.mx\/index.php?rest_route=%2Fwp%2Fv2%2Ftags&post=31049"}],"curies":[{"name":"wp","href":"https:\/\/api.w.org\/{rel}","templated":true}]}}