{"id":31052,"date":"2021-08-18T19:58:52","date_gmt":"2021-08-19T00:58:52","guid":{"rendered":"http:\/\/www.zonaroja.com.mx\/?p=31052"},"modified":"2021-08-18T19:59:16","modified_gmt":"2021-08-19T00:59:16","slug":"ante-incapacidad-de-marquez-heine-congreso-pide-a-salud-federal-tome-riendas","status":"publish","type":"post","link":"https:\/\/zonaroja.com.mx\/?p=31052","title":{"rendered":"Ante incapacidad de M\u00e1rquez Heine, Congreso pide a Salud federal tome riendas"},"content":{"rendered":"\n<p>Redacci\u00f3n\/Zona Roja.<\/p>\n\n\n\n<p>Oaxaca de Ju\u00e1rez, Oax., 18 de agosto de 2021.- La 64 Legislatura del Congreso de Oaxaca aprob\u00f3 un Punto de Acuerdo por el cual pide a la Secretar\u00eda de Salud federal asuma el mando en Oaxaca, ante la incapacidad del titular de los Servicios de Salud, Juan Carlos M\u00e1rquez Heine, para atender los m\u00faltiples problemas en la instituci\u00f3n.<\/p>\n\n\n\n<p>La propuesta de la fracci\u00f3n parlamentaria del Partido Morena fue avalada este mi\u00e9rcoles por la mayor\u00eda de legisladores y est\u00e1 dirigida al gobernador Alejandro Murat Hinojosa, para que tambi\u00e9n \u201cintervenga urgentemente, ante la grave crisis financiera, laboral y administrativa, que ha puesto en riesgo la vida y salud de los oaxaque\u00f1os\u201d.<\/p>\n\n\n\n<p>En su caso, para que nombre a un encargado con capacidad de respuesta y soluci\u00f3n, que garantice la atenci\u00f3n de toda la poblaci\u00f3n que lo necesite, especialmente en las comunidades rurales del estado, refiere la iniciativa, que ley\u00f3 en tribuna el legislador C\u00e9sar Morales Ni\u00f1o.<\/p>\n\n\n\n<p>Asimismo, en el Punto de Acuerdo se demanda que se aclare la situaci\u00f3n laboral de las y los trabajadores de los Servicios de Salud de Oaxaca, as\u00ed como el estado que guarda el convenio con el Instituto de Salud para el Bienestar (Insabi) en materia de servicios personales.<\/p>\n\n\n\n<p>\u201cAl titular de la Secretar\u00eda de Salud del Gobierno de M\u00e9xico, Jorge Carlos Alcocer Varela, para que tome el control del sector salud de Oaxaca, en tanto el Gobierno del Estado resuelve los problemas que aquejan a su administraci\u00f3n en la materia\u201d.<\/p>\n\n\n\n<p>\u201cEste Punto de Acuerdo tiene como finalidad que a la brevedad posible se atienda la grave crisis que atraviesa el sector salud en nuestro estado\u201d, puntualiz\u00f3 Morales Ni\u00f1o.<\/p>\n\n\n\n<p>Record\u00f3 los m\u00faltiples reclamos generalizados de los trabajadores y trabajadoras de los Servicios de Salud, como son la falta de insumos y medicamentos para la atenci\u00f3n de enfermedades comunes, la falta de infraestructura, necesidad de personal, capacitaci\u00f3n, equipo de protecci\u00f3n y medicamentos necesarios para la atenci\u00f3n de la actual pandemia; el despido de los centros de trabajo de los Servicios de Salud del personal encargado de la limpieza y vigilancia.<\/p>\n\n\n\n<p>Ante estas peticiones de la base trabajadora, el Gobierno del Estado no ha dado respuestas, lo que ha generado diversas movilizaciones del personal que labora en los hospitales de Ixtepec, Juchit\u00e1n, Valles Centrales, entre otros, recalc\u00f3.<\/p>\n\n\n\n<p>MEDIDAS ANTICOVID<\/p>\n\n\n\n<p>Por otra parte, en el punto de acuerdo se considera oportuno exhortar a los 570 Municipios, para que en el marco de sus facultades y conforme a sus condiciones particulares y sociales, adopten medidas para que los establecimientos comerciales, tur\u00edsticos, productivos, o de cualquier otra \u00edndole, le soliciten a sus clientes o p\u00fablico asistente, certificados de vacunaci\u00f3n contra Covid- 19, como requisito para su acceso.<\/p>\n\n\n\n<p>Esta medida tiene como finalidad reducir el n\u00famero de contagios, as\u00ed como fomentar la vacunaci\u00f3n.<\/p>\n","protected":false},"excerpt":{"rendered":"<p>Redacci\u00f3n\/Zona Roja. Oaxaca de Ju\u00e1rez, Oax., 18 de agosto de 2021.- La 64 Legislatura del&hellip;<\/p>\n","protected":false},"author":2,"featured_media":31053,"comment_status":"closed","ping_status":"open","sticky":false,"template":"","format":"standard","meta":{"_lmt_disableupdate":"","_lmt_disable":"","_jetpack_memberships_contains_paid_content":false,"footnotes":""},"categories":[109,47],"tags":[612],"class_list":["post-31052","post","type-post","status-publish","format-standard","has-post-thumbnail","hentry","category-minuto-a-minuto","category-zona-gris","tag-cesar-morales-nino"],"jetpack_featured_media_url":"https:\/\/zonaroja.com.mx\/wp-content\/uploads\/2021\/08\/Cesa-Morales.jpeg","jetpack_sharing_enabled":true,"_links":{"self":[{"href":"https:\/\/zonaroja.com.mx\/index.php?rest_route=\/wp\/v2\/posts\/31052","targetHints":{"allow":["GET"]}}],"collection":[{"href":"https:\/\/zonaroja.com.mx\/index.php?rest_route=\/wp\/v2\/posts"}],"about":[{"href":"https:\/\/zonaroja.com.mx\/index.php?rest_route=\/wp\/v2\/types\/post"}],"author":[{"embeddable":true,"href":"https:\/\/zonaroja.com.mx\/index.php?rest_route=\/wp\/v2\/users\/2"}],"replies":[{"embeddable":true,"href":"https:\/\/zonaroja.com.mx\/index.php?rest_route=%2Fwp%2Fv2%2Fcomments&post=31052"}],"version-history":[{"count":1,"href":"https:\/\/zonaroja.com.mx\/index.php?rest_route=\/wp\/v2\/posts\/31052\/revisions"}],"predecessor-version":[{"id":31054,"href":"https:\/\/zonaroja.com.mx\/index.php?rest_route=\/wp\/v2\/posts\/31052\/revisions\/31054"}],"wp:featuredmedia":[{"embeddable":true,"href":"https:\/\/zonaroja.com.mx\/index.php?rest_route=\/wp\/v2\/media\/31053"}],"wp:attachment":[{"href":"https:\/\/zonaroja.com.mx\/index.php?rest_route=%2Fwp%2Fv2%2Fmedia&parent=31052"}],"wp:term":[{"taxonomy":"category","embeddable":true,"href":"https:\/\/zonaroja.com.mx\/index.php?rest_route=%2Fwp%2Fv2%2Fcategories&post=31052"},{"taxonomy":"post_tag","embeddable":true,"href":"https:\/\/zonaroja.com.mx\/index.php?rest_route=%2Fwp%2Fv2%2Ftags&post=31052"}],"curies":[{"name":"wp","href":"https:\/\/api.w.org\/{rel}","templated":true}]}}