{"id":31055,"date":"2021-08-18T21:04:06","date_gmt":"2021-08-19T02:04:06","guid":{"rendered":"http:\/\/www.zonaroja.com.mx\/?p=31055"},"modified":"2021-08-18T21:04:09","modified_gmt":"2021-08-19T02:04:09","slug":"agencia-espanola-audita-a-uabjo-y-recertifica-22-procesos-bajo-norma-oficial","status":"publish","type":"post","link":"https:\/\/zonaroja.com.mx\/?p=31055","title":{"rendered":"Agencia Espa\u00f1ola audita a UABJO y recertifica 22 procesos bajo norma oficial"},"content":{"rendered":"\n<p>Redacci\u00f3n\/Zona Roja.<\/p>\n\n\n\n<p>Oaxaca de Ju\u00e1rez, Oax., 18 de agosto de 2021.- Con excelentes resultados concluy\u00f3 la quinta Auditor\u00eda Externa a 22 procesos acad\u00e9micos y administrativos de la Universidad Aut\u00f3noma \u201cBenito Ju\u00e1rez\u201d de Oaxaca, bajo la Norma ISO 9001: 2015, la cual se efectu\u00f3 de manera remota, por parte de la Agencia Espa\u00f1ola de Normalizaci\u00f3n (Aenor).<\/p>\n\n\n\n<p>Este \u00f3rgano auditor dirigido por Gabino Villa de la Vega y Fernando Francisco Fern\u00e1ndez, inform\u00f3 que la Casa de Estudios cumple puntualmente con todos los requisitos de la norma y los par\u00e1metros indicados.<\/p>\n\n\n\n<p>Al respecto, el rector Eduardo Bautista Mart\u00ednez dijo que la instituci\u00f3n contin\u00faa laborando de manera comprometida con las actividades de car\u00e1cter esencial, y muestra de ello son justamente estos trabajos de auditor\u00eda para la recertificaci\u00f3n de los procesos de calidad.<\/p>\n\n\n\n<p>Bautista Mart\u00ednez agreg\u00f3 que estas acciones son importantes para dar certidumbre a la comunidad estudiantil y a la sociedad de que se cumple cabalmente como instituci\u00f3n que brinda servicios de manera responsable y apegados a las normas establecidas.<\/p>\n\n\n\n<p>En su momento, Villa de la Vega explic\u00f3 que esta quinta visita de auditor\u00eda, tuvo como objetivo determinar la conformidad del sistema de gesti\u00f3n; evaluar su capacidad para cumplir con los requisitos legales, reglamentarios y contractuales aplicables.<\/p>\n\n\n\n<p>Adem\u00e1s de valuar su eficacia para cumplir con los objetivos espec\u00edficos y en su caso identificar posibles \u00e1reas de mejora en la organizaci\u00f3n.<\/p>\n\n\n\n<p>Las \u00e1reas certificadas con una vigencia de tres a\u00f1os son: Selecci\u00f3n de aspirantes para Educaci\u00f3n Media Superior y Educaci\u00f3n Superior, Administraci\u00f3n Escolar, Gesti\u00f3n de Servicio Social, Actualizaci\u00f3n y Capacitaci\u00f3n Docente a nivel Educaci\u00f3n Media Superior (antes Administraci\u00f3n de la Educaci\u00f3n Media Superior), Movilidad Acad\u00e9mica, Gesti\u00f3n de Recursos Humanos, Servicios de Administraci\u00f3n Financiera, Gesti\u00f3n de Proyectos Estrat\u00e9gicos.<\/p>\n\n\n\n<p>Servicios de Auditor\u00eda, Administraci\u00f3n de Obras, Soporte inform\u00e1tico, Gesti\u00f3n del acceso a la Informaci\u00f3n P\u00fablica, Gesti\u00f3n de Becas de Manutenci\u00f3n, Capacitaci\u00f3n en Igualdad de G\u00e9nero, Compras, Asesor\u00eda Metodol\u00f3gica Curricular, Asesor\u00eda de Evaluaci\u00f3n y\/o seguimiento de programas Educativos.<\/p>\n\n\n\n<p>As\u00ed como Gesti\u00f3n de Bolsa de Trabajo, Gesti\u00f3n de Brigadas de Protecci\u00f3n Civil, Examen General para el Egreso de la Licenciatura (EGEL-CENEVAL), Publicaci\u00f3n de la Revista Tequio y Obtenci\u00f3n del Registro ISBN.<\/p>\n\n\n\n<p>En esta sesi\u00f3n de trabajo en que se dieron a conocer los resultados, estuvo presente la secretaria de Finanzas, Ver\u00f3nica Jim\u00e9nez Ochoa, y la responsable del Sistema de Gesti\u00f3n de Calidad, Citlalli Flores Castillejos, as\u00ed como las y los titulares de las \u00e1reas en menci\u00f3n.<\/p>\n","protected":false},"excerpt":{"rendered":"<p>Redacci\u00f3n\/Zona Roja. Oaxaca de Ju\u00e1rez, Oax., 18 de agosto de 2021.- Con excelentes resultados concluy\u00f3&hellip;<\/p>\n","protected":false},"author":2,"featured_media":31056,"comment_status":"closed","ping_status":"open","sticky":false,"template":"","format":"standard","meta":{"_lmt_disableupdate":"","_lmt_disable":"","_jetpack_memberships_contains_paid_content":false,"footnotes":""},"categories":[109,46],"tags":[360,282],"class_list":["post-31055","post","type-post","status-publish","format-standard","has-post-thumbnail","hentry","category-minuto-a-minuto","category-zona-blanca","tag-rector-eduardo-bautista-martinez","tag-universidad-autonoma-benito-juarez-de-oaxaca"],"jetpack_featured_media_url":"https:\/\/zonaroja.com.mx\/wp-content\/uploads\/2021\/08\/Eduardo-Bautista.jpg","jetpack_sharing_enabled":true,"_links":{"self":[{"href":"https:\/\/zonaroja.com.mx\/index.php?rest_route=\/wp\/v2\/posts\/31055","targetHints":{"allow":["GET"]}}],"collection":[{"href":"https:\/\/zonaroja.com.mx\/index.php?rest_route=\/wp\/v2\/posts"}],"about":[{"href":"https:\/\/zonaroja.com.mx\/index.php?rest_route=\/wp\/v2\/types\/post"}],"author":[{"embeddable":true,"href":"https:\/\/zonaroja.com.mx\/index.php?rest_route=\/wp\/v2\/users\/2"}],"replies":[{"embeddable":true,"href":"https:\/\/zonaroja.com.mx\/index.php?rest_route=%2Fwp%2Fv2%2Fcomments&post=31055"}],"version-history":[{"count":1,"href":"https:\/\/zonaroja.com.mx\/index.php?rest_route=\/wp\/v2\/posts\/31055\/revisions"}],"predecessor-version":[{"id":31057,"href":"https:\/\/zonaroja.com.mx\/index.php?rest_route=\/wp\/v2\/posts\/31055\/revisions\/31057"}],"wp:featuredmedia":[{"embeddable":true,"href":"https:\/\/zonaroja.com.mx\/index.php?rest_route=\/wp\/v2\/media\/31056"}],"wp:attachment":[{"href":"https:\/\/zonaroja.com.mx\/index.php?rest_route=%2Fwp%2Fv2%2Fmedia&parent=31055"}],"wp:term":[{"taxonomy":"category","embeddable":true,"href":"https:\/\/zonaroja.com.mx\/index.php?rest_route=%2Fwp%2Fv2%2Fcategories&post=31055"},{"taxonomy":"post_tag","embeddable":true,"href":"https:\/\/zonaroja.com.mx\/index.php?rest_route=%2Fwp%2Fv2%2Ftags&post=31055"}],"curies":[{"name":"wp","href":"https:\/\/api.w.org\/{rel}","templated":true}]}}