{"id":31058,"date":"2021-08-18T22:02:24","date_gmt":"2021-08-19T03:02:24","guid":{"rendered":"http:\/\/www.zonaroja.com.mx\/?p=31058"},"modified":"2021-08-18T22:02:27","modified_gmt":"2021-08-19T03:02:27","slug":"reanudan-manana-labores-los-sindicalizados-de-salud-de-oaxaca","status":"publish","type":"post","link":"https:\/\/zonaroja.com.mx\/?p=31058","title":{"rendered":"Reanudan ma\u00f1ana labores los sindicalizados de Salud de Oaxaca"},"content":{"rendered":"\n<p>Redacci\u00f3n\/Zona Roja.<\/p>\n\n\n\n<p>Oaxaca de Ju\u00e1rez, Oax., 18 de agosto de 2021.- Luego de dos d\u00edas de paro parcial de labores con protesta en al menos una decena de cruceros viales de la ciudad de Oaxaca y zona metropolitana, la Secci\u00f3n 35 del Sindicato Nacional de Trabajadores de la Secretar\u00eda de Salud reanuda labores ma\u00f1ana.<\/p>\n\n\n\n<p>La tarde de hoy y durante unas cuatro horas, la dirigencia de la gremial se reuni\u00f3 con el titular del Poder Ejecutivo, Alejandro Murat Hinojosa, sostuvieron una reuni\u00f3n de trabajo.<\/p>\n\n\n\n<p>\u201cEn una mesa de di\u00e1logo directo compartimos informaci\u00f3n que nos permitir\u00e1 seguir en la ruta de los acuerdos\u201d, difundi\u00f3 el gobernador en sus redes sociales.<\/p>\n\n\n\n<figure class=\"wp-block-embed-twitter wp-block-embed is-type-rich is-provider-twitter\"><div class=\"wp-block-embed__wrapper\">\n<div class=\"twitter-tweet\"><blockquote class=\"twitter-tweet\" data-lang=\"es\"><p lang=\"es\" dir=\"ltr\">Tras la reuni\u00f3n con el gobernador <a href=\"https:\/\/twitter.com\/alejandromurat?ref_src=twsrc%5Etfw\">@AlejandroMurat<\/a>, en el Palacio de Gobierno, la dirigencia de la Secci\u00f3n 35 del Sindicato Nacional de Trabajadores de la Secretar\u00eda de Salud, anunci\u00f3 acuerdos importantes, por lo cual ma\u00f1ana reanudan actividades de manera normal. <a href=\"https:\/\/t.co\/wP1VSeqWYv\">pic.twitter.com\/wP1VSeqWYv<\/a><\/p>&mdash; Zona Roja Oaxaca (@Zona_Roja_Oax) <a href=\"https:\/\/twitter.com\/Zona_Roja_Oax\/status\/1428187654886240260?ref_src=twsrc%5Etfw\">19 de agosto de 2021<\/a><\/blockquote><\/div>\n<\/div><\/figure>\n\n\n\n<p>Mientras que a la salida del encuentro, el secretario General de la Secci\u00f3n 35, Mario F\u00e9lix Pacheco, dijo que fueron favorables los acuerdos, aunque sin precisar cu\u00e1les.<\/p>\n\n\n\n<p>Confirm\u00f3 que a partir de este jueves se incorporan a sus actividades de manera normal.<\/p>\n\n\n\n<p>Desde el martes, sindicalizados en la regi\u00f3n de Valles Centrales pararon labores, en demanda de insumos y medicamentos para cl\u00ednicas y hospitales, pero principalmente que no proceda el cese o no recontrataci\u00f3n de al menos mil 500 trabajadores.<\/p>\n","protected":false},"excerpt":{"rendered":"<p>Redacci\u00f3n\/Zona Roja. Oaxaca de Ju\u00e1rez, Oax., 18 de agosto de 2021.- Luego de dos d\u00edas&hellip;<\/p>\n","protected":false},"author":2,"featured_media":31059,"comment_status":"closed","ping_status":"open","sticky":false,"template":"","format":"standard","meta":{"_lmt_disableupdate":"","_lmt_disable":"","_jetpack_memberships_contains_paid_content":false,"footnotes":""},"categories":[109,47],"tags":[173],"class_list":["post-31058","post","type-post","status-publish","format-standard","has-post-thumbnail","hentry","category-minuto-a-minuto","category-zona-gris","tag-alejandro-murat-hinojosa"],"jetpack_featured_media_url":"https:\/\/zonaroja.com.mx\/wp-content\/uploads\/2021\/08\/Reunion-gobernador-y-Seccion-35.jpg","jetpack_sharing_enabled":true,"_links":{"self":[{"href":"https:\/\/zonaroja.com.mx\/index.php?rest_route=\/wp\/v2\/posts\/31058","targetHints":{"allow":["GET"]}}],"collection":[{"href":"https:\/\/zonaroja.com.mx\/index.php?rest_route=\/wp\/v2\/posts"}],"about":[{"href":"https:\/\/zonaroja.com.mx\/index.php?rest_route=\/wp\/v2\/types\/post"}],"author":[{"embeddable":true,"href":"https:\/\/zonaroja.com.mx\/index.php?rest_route=\/wp\/v2\/users\/2"}],"replies":[{"embeddable":true,"href":"https:\/\/zonaroja.com.mx\/index.php?rest_route=%2Fwp%2Fv2%2Fcomments&post=31058"}],"version-history":[{"count":1,"href":"https:\/\/zonaroja.com.mx\/index.php?rest_route=\/wp\/v2\/posts\/31058\/revisions"}],"predecessor-version":[{"id":31060,"href":"https:\/\/zonaroja.com.mx\/index.php?rest_route=\/wp\/v2\/posts\/31058\/revisions\/31060"}],"wp:featuredmedia":[{"embeddable":true,"href":"https:\/\/zonaroja.com.mx\/index.php?rest_route=\/wp\/v2\/media\/31059"}],"wp:attachment":[{"href":"https:\/\/zonaroja.com.mx\/index.php?rest_route=%2Fwp%2Fv2%2Fmedia&parent=31058"}],"wp:term":[{"taxonomy":"category","embeddable":true,"href":"https:\/\/zonaroja.com.mx\/index.php?rest_route=%2Fwp%2Fv2%2Fcategories&post=31058"},{"taxonomy":"post_tag","embeddable":true,"href":"https:\/\/zonaroja.com.mx\/index.php?rest_route=%2Fwp%2Fv2%2Ftags&post=31058"}],"curies":[{"name":"wp","href":"https:\/\/api.w.org\/{rel}","templated":true}]}}