{"id":3106,"date":"2019-08-15T08:28:24","date_gmt":"2019-08-15T13:28:24","guid":{"rendered":"http:\/\/www.zonaroja.com.mx\/?p=3106"},"modified":"2019-08-15T08:28:28","modified_gmt":"2019-08-15T13:28:28","slug":"en-desarrollo-del-istmo-pueblos-piden-bienestar-comun-no-individual-adelfo-regino","status":"publish","type":"post","link":"https:\/\/zonaroja.com.mx\/?p=3106","title":{"rendered":"En desarrollo del Istmo, pueblos piden bienestar com\u00fan, no individual: Adelfo Regino"},"content":{"rendered":"\n<p>Ismael\nGarc\u00eda M.\/Zona Roja.<\/p>\n\n\n\n<p>Santa Luc\u00eda\ndel Camino, Oax., 15 de agosto de 2019.- El programa de desarrollo integral del\nIstmo de Tehuantepec ha tenido una amplia consulta con los pueblos ind\u00edgenas de\nOaxaca y Veracruz, pero \u00e9stos han coincidido que no quieren un bienestar\nindividual, sino un bienestar com\u00fan.<\/p>\n\n\n\n<p>As\u00ed lo\nafirm\u00f3 el titular del Instituto Nacional de Pueblos Ind\u00edgenas (INPI) del\ngobierno federal, Adelfo Regino Montes, durante su intervenci\u00f3n este mi\u00e9rcoles\nen el Centro Cultural y de Convenciones de Oaxaca, donde gobernadores de nueve\nentidades firmaron el \u201cPacto Oaxaca\u201d.<\/p>\n\n\n\n<p>Momentos antes de la llegada del Presidente de M\u00e9xico, Andr\u00e9s Manuel L\u00f3pez Obrador, y en presencia de secretarios de Estado, as\u00ed como dirigentes sindicales y empresariales del pa\u00eds, el oaxaque\u00f1o indic\u00f3 que a la fecha se han realizado siete asambleas regionales de consulta a pueblos zapotecas, mixes, huaves, zoques, chontal, nahuas, popolucas, entre otros.<\/p>\n\n\n\n<figure class=\"wp-block-embed-twitter wp-block-embed is-type-rich is-provider-twitter\"><div class=\"wp-block-embed__wrapper\">\n<div class=\"twitter-tweet\"><blockquote class=\"twitter-tweet\" data-lang=\"es\"><p lang=\"es\" dir=\"ltr\"><a href=\"https:\/\/twitter.com\/hashtag\/M%C3%A9xicoRosa?src=hash&amp;ref_src=twsrc%5Etfw\">#M\u00e9xicoRosa<\/a><br>Nuestros pueblos no buscan el bienestar individual, sino el bienestar com\u00fan, y cualquier pacto o proceso de desarrollo, tiene que incluir la voz de todas y de todos, s\u00f3lo as\u00ed vamos abatir la desigualdad abismal, dijo hoy en Oaxaca <a href=\"https:\/\/twitter.com\/DEELAYUUK?ref_src=twsrc%5Etfw\">@DEELAYUUK<\/a>, titular del <a href=\"https:\/\/twitter.com\/INPImx?ref_src=twsrc%5Etfw\">@INPImx<\/a>. <a href=\"https:\/\/t.co\/57TppK4kGS\">pic.twitter.com\/57TppK4kGS<\/a><\/p>&mdash; Zona Roja Oaxaca (@MexRoja) <a href=\"https:\/\/twitter.com\/MexRoja\/status\/1161817410254581765?ref_src=twsrc%5Etfw\">15 de agosto de 2019<\/a><\/blockquote><\/div>\n<\/div><\/figure>\n\n\n\n<p>Asimismo, se\nha escuchado la voz de alrededor de tres mil 397 autoridades y representantes\nind\u00edgenas de ambas entidades y desde junio se han hecho siete asambleas de\nseguimiento; este mes de agosto se har\u00e1n otras siete reuniones regionales.<\/p>\n\n\n\n<p>\u201cEn este\nproceso de di\u00e1logo ha surgido un concepto muy importante, el bien com\u00fan;\nnuestros pueblos no buscan el bienestar individual, buscan el bienestar com\u00fan,\nconcepto que est\u00e1n aportando los pueblos en el proceso de transformaci\u00f3n\nnacional que encabeza el licenciado L\u00f3pez Obrador\u201d, dijo.<\/p>\n\n\n\n<p>Adelfo\nRefino remarc\u00f3 que el mandato presidencial en todo proyecto es el consenso y el\ndi\u00e1logo con los pueblos ind\u00edgenas, lo cual se ha implementado a lo largo y\nancho del pa\u00eds.<\/p>\n\n\n\n<p>\u201cNosotros estamos\nconvencidos que cualquier proceso de desarrollo, cualquier pacto, cualquier\ncoordinaci\u00f3n pol\u00edtica o program\u00e1tica tiene que incluir la voz de todas y todos.<\/p>\n\n\n\n<p>\u201cPorque solo\nas\u00ed vamos a combatir la dolorosa desigualdad, como lo dec\u00eda el gobernador\nMurat, pero la desigualdad abismal que tenemos aqu\u00ed mismo en el sur sureste de\nnuestro pa\u00eds\u201d, manifest\u00f3 en su mensaje, en presencia tambi\u00e9n de senadores,\ndiputados federales y diputados locales, as\u00ed como la secretaria de Gobernaci\u00f3n,\nOlga S\u00e1nchez Cordero.<\/p>\n","protected":false},"excerpt":{"rendered":"<p>Ismael Garc\u00eda M.\/Zona Roja. Santa Luc\u00eda del Camino, Oax., 15 de agosto de 2019.- El&hellip;<\/p>\n","protected":false},"author":2,"featured_media":3107,"comment_status":"closed","ping_status":"open","sticky":false,"template":"","format":"standard","meta":{"_lmt_disableupdate":"","_lmt_disable":"","_jetpack_memberships_contains_paid_content":false,"footnotes":""},"categories":[109,46],"tags":[557,558],"class_list":["post-3106","post","type-post","status-publish","format-standard","has-post-thumbnail","hentry","category-minuto-a-minuto","category-zona-blanca","tag-adelfo-regino-montes","tag-instituto-nacional-de-pueblos-indigenas"],"jetpack_featured_media_url":"https:\/\/zonaroja.com.mx\/wp-content\/uploads\/2019\/08\/Image-1-3-1.png","jetpack_sharing_enabled":true,"_links":{"self":[{"href":"https:\/\/zonaroja.com.mx\/index.php?rest_route=\/wp\/v2\/posts\/3106","targetHints":{"allow":["GET"]}}],"collection":[{"href":"https:\/\/zonaroja.com.mx\/index.php?rest_route=\/wp\/v2\/posts"}],"about":[{"href":"https:\/\/zonaroja.com.mx\/index.php?rest_route=\/wp\/v2\/types\/post"}],"author":[{"embeddable":true,"href":"https:\/\/zonaroja.com.mx\/index.php?rest_route=\/wp\/v2\/users\/2"}],"replies":[{"embeddable":true,"href":"https:\/\/zonaroja.com.mx\/index.php?rest_route=%2Fwp%2Fv2%2Fcomments&post=3106"}],"version-history":[{"count":1,"href":"https:\/\/zonaroja.com.mx\/index.php?rest_route=\/wp\/v2\/posts\/3106\/revisions"}],"predecessor-version":[{"id":3108,"href":"https:\/\/zonaroja.com.mx\/index.php?rest_route=\/wp\/v2\/posts\/3106\/revisions\/3108"}],"wp:featuredmedia":[{"embeddable":true,"href":"https:\/\/zonaroja.com.mx\/index.php?rest_route=\/wp\/v2\/media\/3107"}],"wp:attachment":[{"href":"https:\/\/zonaroja.com.mx\/index.php?rest_route=%2Fwp%2Fv2%2Fmedia&parent=3106"}],"wp:term":[{"taxonomy":"category","embeddable":true,"href":"https:\/\/zonaroja.com.mx\/index.php?rest_route=%2Fwp%2Fv2%2Fcategories&post=3106"},{"taxonomy":"post_tag","embeddable":true,"href":"https:\/\/zonaroja.com.mx\/index.php?rest_route=%2Fwp%2Fv2%2Ftags&post=3106"}],"curies":[{"name":"wp","href":"https:\/\/api.w.org\/{rel}","templated":true}]}}